{"id":2965,"date":"2025-05-27T13:35:19","date_gmt":"2025-05-27T11:35:19","guid":{"rendered":"https:\/\/radiox.hu\/?p=2965"},"modified":"2025-08-28T21:08:21","modified_gmt":"2025-08-28T19:08:21","slug":"uj-sorozatot-inditunk-gyertek-beszelgessunk-eloben","status":"publish","type":"post","link":"https:\/\/radiox.hu\/en\/2025\/05\/27\/uj-sorozatot-inditunk-gyertek-beszelgessunk-eloben\/","title":{"rendered":"Gyertek, besz\u00e9lgess\u00fcnk \u00e9l\u0151ben!"},"content":{"rendered":"<p><strong>Mi maradt a t\u00e9nyekb\u0151l? Hogyan lehet ma \u00fajs\u00e1got \u00edrni egy olyan vil\u00e1gban, ahol mindenki a saj\u00e1t val\u00f3s\u00e1g\u00e1ban \u00e9l? Milyen es\u00e9lyei vannak az igazs\u00e1gnak egy dezinform\u00e1ci\u00f3val teli m\u00e9diat\u00e9rben? Ilyen \u00e9s ehhez hasonl\u00f3 k\u00e9rd\u00e9sek ker\u00fclnek el\u0151 az X \u00e9s a Filter projekt programsorozat\u00e1n. Kor\u00e1bban janu\u00e1rban \u00e9s m\u00e1jusban m\u00e1r elkezdt\u00fcnk Filter vit\u00e1kat szervezni, ezt folytatjuk most. Szeretettel l\u00e1tunk Titeket is egy j\u00f3 besz\u00e9lget\u00e9sre. <\/strong><\/p>\n\n\n\n<figure class=\"wp-block-image size-large\"><img fetchpriority=\"high\" decoding=\"async\" width=\"1024\" height=\"576\" src=\"https:\/\/radiox.hu\/wp-content\/uploads\/2025\/05\/499998115_1289195619879972_4719259034596506666_n-1024x576.jpg\" alt=\"\" class=\"wp-image-2966\" srcset=\"https:\/\/radiox.hu\/wp-content\/uploads\/2025\/05\/499998115_1289195619879972_4719259034596506666_n-1024x576.jpg 1024w, https:\/\/radiox.hu\/wp-content\/uploads\/2025\/05\/499998115_1289195619879972_4719259034596506666_n-300x169.jpg 300w, https:\/\/radiox.hu\/wp-content\/uploads\/2025\/05\/499998115_1289195619879972_4719259034596506666_n-150x84.jpg 150w, https:\/\/radiox.hu\/wp-content\/uploads\/2025\/05\/499998115_1289195619879972_4719259034596506666_n-768x432.jpg 768w, https:\/\/radiox.hu\/wp-content\/uploads\/2025\/05\/499998115_1289195619879972_4719259034596506666_n-1536x864.jpg 1536w, https:\/\/radiox.hu\/wp-content\/uploads\/2025\/05\/499998115_1289195619879972_4719259034596506666_n-18x10.jpg 18w, https:\/\/radiox.hu\/wp-content\/uploads\/2025\/05\/499998115_1289195619879972_4719259034596506666_n-373x210.jpg 373w, https:\/\/radiox.hu\/wp-content\/uploads\/2025\/05\/499998115_1289195619879972_4719259034596506666_n-1333x750.jpg 1333w, https:\/\/radiox.hu\/wp-content\/uploads\/2025\/05\/499998115_1289195619879972_4719259034596506666_n.jpg 1920w\" sizes=\"(max-width: 1024px) 100vw, 1024px\" \/><\/figure>\n\n\n\n<p>J\u00fanius 4-\u00e9n v\u00e9gre \u00e9l\u0151ben tal\u00e1lkozhatunk, \u00e9s besz\u00e9lgethet\u00fcnk err\u0151l is \u2013 meg m\u00e9g sok m\u00e1sr\u00f3l. A R\u00e1di\u00f3 X nyilv\u00e1nos kerekasztal\u00e1n <strong>Galavits Patrik (Direkt36)<\/strong> \u00e9s <strong>Selmeci J\u00e1nos (Klubr\u00e1di\u00f3)<\/strong> mes\u00e9lnek t\u00e9nyekr\u0151l, trollokr\u00f3l, bubor\u00e9kokr\u00f3l \u00e9s persze arr\u00f3l is, hogy van-e m\u00e9g es\u00e9lye a klasszikus \u00fajs\u00e1g\u00edr\u00e1snak 2025-ben.<\/p>\n\n\n\n<p>\ud83d\udccd Helysz\u00edn: <strong>Fi\u00f3ka<\/strong>, V\u00e1rosmajor utca 75.<br>\ud83d\uddd3 Id\u0151pont: <strong>j\u00fanius 4. szerda<\/strong>, kezd\u00e9s <strong>18:00<\/strong> (\u00e9rkez\u00e9s 17:30-t\u00f3l)<br>\ud83c\udf99 Moder\u00e1l: <strong>Kem\u00e9ny D\u00e1niel (R\u00e1di\u00f3 X)<\/strong><\/p>\n\n\n\n<p>A besz\u00e9lget\u00e9s ut\u00e1n sem megy\u00fcnk haza: <strong>19:00-t\u00f3l a Wild Boar Project DJ-i<\/strong> gondoskodnak a h\u00e1tt\u00e9rzen\u00e9r\u0151l, hogy egy s\u00f6r mellett tov\u00e1bb besz\u00e9lgethess\u00fcnk. Sz\u00f3val tervezzetek 22 \u00f3r\u00e1ig!<\/p>\n\n\n\n<p>A r\u00e9szv\u00e9tel <strong>ingyenes<\/strong>, de ha r\u00e1nk hallgatsz, <strong>regisztr\u00e1lsz el\u0151re<\/strong> itt:<br>\ud83d\udc49 <a class=\"\" href=\"https:\/\/forms.gle\/ngcaiRXesEFrJg9t9\" target=\"_blank\" rel=\"noopener\">https:\/\/forms.gle\/ngcaiRXesEFrJg9t9<\/a><br>(Ne izgulj, nem k\u00f6telez\u0151, csak szeretn\u00e9nk tudni, h\u00e1ny sz\u00e9ket tegy\u00fcnk ki.)<\/p>\n\n\n\n<p>Esem\u00e9ny:<\/p>\n\n\n\n<p>\ud83d\udc49 <a href=\"https:\/\/www.facebook.com\/events\/1742708139945434\" target=\"_blank\" rel=\"noopener\">https:\/\/www.facebook.com\/events\/1742708139945434<\/a><\/p>\n\n\n\n<p><strong>V\u00e1runk titeket nagy szeretettel!<\/strong><\/p>\n\n\n\n<figure class=\"wp-block-image size-large\"><img decoding=\"async\" width=\"1024\" height=\"114\" src=\"https:\/\/radiox.hu\/wp-content\/uploads\/2024\/12\/KEP_logok_nyujtott-1024x114.png\" alt=\"\" class=\"wp-image-3025\" srcset=\"https:\/\/radiox.hu\/wp-content\/uploads\/2024\/12\/KEP_logok_nyujtott-1024x114.png 1024w, https:\/\/radiox.hu\/wp-content\/uploads\/2024\/12\/KEP_logok_nyujtott-300x33.png 300w, https:\/\/radiox.hu\/wp-content\/uploads\/2024\/12\/KEP_logok_nyujtott-150x17.png 150w, https:\/\/radiox.hu\/wp-content\/uploads\/2024\/12\/KEP_logok_nyujtott-768x85.png 768w, https:\/\/radiox.hu\/wp-content\/uploads\/2024\/12\/KEP_logok_nyujtott-1536x171.png 1536w, https:\/\/radiox.hu\/wp-content\/uploads\/2024\/12\/KEP_logok_nyujtott-18x2.png 18w, https:\/\/radiox.hu\/wp-content\/uploads\/2024\/12\/KEP_logok_nyujtott-710x79.png 710w, https:\/\/radiox.hu\/wp-content\/uploads\/2024\/12\/KEP_logok_nyujtott.png 1871w\" sizes=\"(max-width: 1024px) 100vw, 1024px\" \/><\/figure>","protected":false},"excerpt":{"rendered":"<p>Mi maradt a t\u00e9nyekb\u0151l? Hogyan lehet ma \u00fajs\u00e1got \u00edrni egy olyan vil\u00e1gban, ahol mindenki a saj\u00e1t val\u00f3s\u00e1g\u00e1ban \u00e9l? Milyen es\u00e9lyei vannak az igazs\u00e1gnak egy dezinform\u00e1ci\u00f3val teli m\u00e9diat\u00e9rben? Ilyen \u00e9s ehhez hasonl\u00f3 k\u00e9rd\u00e9sek ker\u00fclnek el\u0151 az X \u00e9s a Filter projekt programsorozat\u00e1n. Kor\u00e1bban janu\u00e1rban \u00e9s m\u00e1jusban m\u00e1r elkezdt\u00fcnk Filter vit\u00e1kat szervezni, ezt folytatjuk most. Szeretettel l\u00e1tunk [&hellip;]<\/p>","protected":false},"author":1,"featured_media":2967,"comment_status":"open","ping_status":"open","sticky":false,"template":"","format":"standard","meta":{"_eb_attr":"","rank_math_lock_modified_date":false,"footnotes":""},"categories":[1],"tags":[],"class_list":["post-2965","post","type-post","status-publish","format-standard","has-post-thumbnail","hentry","category-friss"],"_links":{"self":[{"href":"https:\/\/radiox.hu\/en\/wp-json\/wp\/v2\/posts\/2965"}],"collection":[{"href":"https:\/\/radiox.hu\/en\/wp-json\/wp\/v2\/posts"}],"about":[{"href":"https:\/\/radiox.hu\/en\/wp-json\/wp\/v2\/types\/post"}],"author":[{"embeddable":true,"href":"https:\/\/radiox.hu\/en\/wp-json\/wp\/v2\/users\/1"}],"replies":[{"embeddable":true,"href":"https:\/\/radiox.hu\/en\/wp-json\/wp\/v2\/comments?post=2965"}],"version-history":[{"count":3,"href":"https:\/\/radiox.hu\/en\/wp-json\/wp\/v2\/posts\/2965\/revisions"}],"predecessor-version":[{"id":3027,"href":"https:\/\/radiox.hu\/en\/wp-json\/wp\/v2\/posts\/2965\/revisions\/3027"}],"wp:featuredmedia":[{"embeddable":true,"href":"https:\/\/radiox.hu\/en\/wp-json\/wp\/v2\/media\/2967"}],"wp:attachment":[{"href":"https:\/\/radiox.hu\/en\/wp-json\/wp\/v2\/media?parent=2965"}],"wp:term":[{"taxonomy":"category","embeddable":true,"href":"https:\/\/radiox.hu\/en\/wp-json\/wp\/v2\/categories?post=2965"},{"taxonomy":"post_tag","embeddable":true,"href":"https:\/\/radiox.hu\/en\/wp-json\/wp\/v2\/tags?post=2965"}],"curies":[{"name":"wp","href":"https:\/\/api.w.org\/{rel}","templated":true}]}}