{"id":2882,"date":"2024-12-27T20:52:16","date_gmt":"2024-12-27T19:52:16","guid":{"rendered":"https:\/\/radiox.hu\/?p=2882"},"modified":"2024-12-27T20:52:18","modified_gmt":"2024-12-27T19:52:18","slug":"karacsonyi-hangulat-a-studioban-igy-unnepelt-az-x-csapat","status":"publish","type":"post","link":"https:\/\/radiox.hu\/en\/2024\/12\/27\/karacsonyi-hangulat-a-studioban-igy-unnepelt-az-x-csapat\/","title":{"rendered":"Kar\u00e1csonyi hangulat a st\u00fadi\u00f3ban: \u00edgy \u00fcnnepelt az X csapat"},"content":{"rendered":"<p><strong>Amikor m\u00e1r minden bejgli elfogyott \u00e9s mindenki kibontotta a marad\u00e9k aj\u00e1nd\u00e9kokat, arra gondoltunk (K\u00e1D\u00e9 \u00e9s Szab\u00f3 Norbi), hogy ideje lenne megk\u00e9rdezni a R\u00e1di\u00f3 X \u00f6nk\u00e9nteseit: hogyan is telt az \u00fcnnepi id\u0151szak? A m\u0171sorb\u00f3l egy igaz\u00e1n j\u00f3 hangulat\u00fa k\u00f6rkapcsol\u00e1s kerekedett, olvass bele \u00e9s hallgasd vissza!&nbsp;<\/strong><\/p>\n\n\n\n<figure class=\"wp-block-image size-large\"><img fetchpriority=\"high\" decoding=\"async\" width=\"1024\" height=\"768\" src=\"https:\/\/radiox.hu\/wp-content\/uploads\/2024\/12\/IMG_7844-1024x768.jpeg\" alt=\"\" class=\"wp-image-2885\" srcset=\"https:\/\/radiox.hu\/wp-content\/uploads\/2024\/12\/IMG_7844-1024x768.jpeg 1024w, https:\/\/radiox.hu\/wp-content\/uploads\/2024\/12\/IMG_7844-300x225.jpeg 300w, https:\/\/radiox.hu\/wp-content\/uploads\/2024\/12\/IMG_7844-150x113.jpeg 150w, https:\/\/radiox.hu\/wp-content\/uploads\/2024\/12\/IMG_7844-768x576.jpeg 768w, https:\/\/radiox.hu\/wp-content\/uploads\/2024\/12\/IMG_7844-1536x1152.jpeg 1536w, https:\/\/radiox.hu\/wp-content\/uploads\/2024\/12\/IMG_7844-2048x1536.jpeg 2048w, https:\/\/radiox.hu\/wp-content\/uploads\/2024\/12\/IMG_7844-16x12.jpeg 16w, https:\/\/radiox.hu\/wp-content\/uploads\/2024\/12\/IMG_7844-2000x1500.jpeg 2000w, https:\/\/radiox.hu\/wp-content\/uploads\/2024\/12\/IMG_7844-280x210.jpeg 280w, https:\/\/radiox.hu\/wp-content\/uploads\/2024\/12\/IMG_7844-1000x750.jpeg 1000w\" sizes=\"(max-width: 1024px) 100vw, 1024px\" \/><\/figure>\n\n\n\n<h2 class=\"wp-block-heading\"><strong>Szerkeszt\u0151k a telefonn\u00e1l<\/strong><\/h2>\n\n\n\n<p>A R\u00e1di\u00f3 X szervez\u0151i \u00e9s szerkeszt\u0151i igaz\u00e1n tartalmas \u00fcnnepi id\u0151szakr\u00f3l sz\u00e1moltak be. Jankusn\u00e1l a munka nem \u00e1ll le az \u00fcnnepek alatt sem: az egyik kar\u00e1csonyi v\u00e1s\u00e1rr\u00f3l rohant a st\u00fadi\u00f3ba, hogy bepillant\u00e1st adjon az \u00fcnnep &#8211; tal\u00e1n &#8211; legzajosabb szeglet\u00e9be. R\u00e1ad\u00e1sul mint kider\u00fclt, nagyon j\u00f3 h\u00faslevest csin\u00e1l. \u00c9s ha m\u00e1r h\u00fasleves: minden m\u0171sork\u00e9sz\u00edt\u0151nk kedvenc kar\u00e1csonyi fog\u00e1s\u00e1ra is f\u00e9ny der\u00fcl. Csatlakozott hozz\u00e1nk Haden is, aki m\u00e1r nagyon k\u00e9sz\u00fcl a DJ Pulton T\u00fal leg\u00fajabb \u00e9vad\u00e1ra, s\u0151t, el\u00e1rulta m\u0171sora \u00faj sorozat\u00e1nak els\u0151 vend\u00e9g\u00e9t is. Palo is bek\u00f6sz\u00f6nt, akinek ikonikus hangja a m\u0171sorok elengedhetetlen r\u00e9sze. Vele igaz\u00e1n j\u00f3t besz\u00e9lgett\u00fcnk belgr\u00e1di \u00e9lm\u00e9nyekr\u0151l, r\u00e9szeg taxisof\u0151r\u00f6kr\u0151l \u00e9s a kar\u00e1csonyi asztal tartalm\u00e1r\u00f3l.&nbsp;<\/p>\n\n\n\n<h2 class=\"wp-block-heading\"><strong>Kar\u00e1csonyfa a plafonon?<\/strong><\/h2>\n\n\n\n<p>Igen, ez pontosan \u00edgy t\u00f6rt\u00e9nt. A R\u00e1di\u00f3 X DJ csapata is meg tudott minket lepni: Roger Bucks p\u00e9ld\u00e1ul \u00e9pp a plafonra szerelt kar\u00e1csonyfa t\u00f6rt\u00e9net\u00e9vel dobta fel az est\u00e9t. A Dual Fusion egyik tagj\u00e1t egy bar\u00e1tn\u0151s filmez\u00e9s k\u00f6zben \u00e9rt\u00fck utol, Sunseed pedig &#8211; mivel pil\u00f3tak\u00e9nt dolgozik m\u00e9g kar\u00e1csonykor is &#8211; landol\u00e1s ut\u00e1n adott n\u00e9mi hangulatjelent\u00e9st.&nbsp;<\/p>\n\n\n\n<figure class=\"wp-block-image size-large\"><img decoding=\"async\" width=\"1024\" height=\"768\" src=\"https:\/\/radiox.hu\/wp-content\/uploads\/2024\/12\/471386538_609739205074015_6871930287640395258_n-1024x768.jpg\" alt=\"\" class=\"wp-image-2883\" srcset=\"https:\/\/radiox.hu\/wp-content\/uploads\/2024\/12\/471386538_609739205074015_6871930287640395258_n-1024x768.jpg 1024w, https:\/\/radiox.hu\/wp-content\/uploads\/2024\/12\/471386538_609739205074015_6871930287640395258_n-300x225.jpg 300w, https:\/\/radiox.hu\/wp-content\/uploads\/2024\/12\/471386538_609739205074015_6871930287640395258_n-150x113.jpg 150w, https:\/\/radiox.hu\/wp-content\/uploads\/2024\/12\/471386538_609739205074015_6871930287640395258_n-768x576.jpg 768w, https:\/\/radiox.hu\/wp-content\/uploads\/2024\/12\/471386538_609739205074015_6871930287640395258_n-1536x1152.jpg 1536w, https:\/\/radiox.hu\/wp-content\/uploads\/2024\/12\/471386538_609739205074015_6871930287640395258_n-16x12.jpg 16w, https:\/\/radiox.hu\/wp-content\/uploads\/2024\/12\/471386538_609739205074015_6871930287640395258_n-2000x1500.jpg 2000w, https:\/\/radiox.hu\/wp-content\/uploads\/2024\/12\/471386538_609739205074015_6871930287640395258_n-280x210.jpg 280w, https:\/\/radiox.hu\/wp-content\/uploads\/2024\/12\/471386538_609739205074015_6871930287640395258_n-1000x750.jpg 1000w, https:\/\/radiox.hu\/wp-content\/uploads\/2024\/12\/471386538_609739205074015_6871930287640395258_n.jpg 2048w\" sizes=\"(max-width: 1024px) 100vw, 1024px\" \/><\/figure>\n\n\n\n<h2 class=\"wp-block-heading\"><strong>Utol\u00e9rt\u00fck az X zenei k\u00f6z\u00f6ss\u00e9g\u00e9p\u00edt\u0151it is&nbsp;<\/strong><\/h2>\n\n\n\n<p>Csatlakozott hozz\u00e1nk Bogi, a Wild Boar Project t\u00e1rsalap\u00edt\u00f3ja, aki igaz\u00e1n dolgos id\u0151szakr\u00f3l sz\u00e1molt be: a vaddiszn\u00f3s csapat m\u00e1r teljes er\u0151vel a szilveszterre k\u00e9sz\u00fcl. A fest\u0151i nyolcadik ker\u00fcletb\u0151l jelentkezett be Fiyuu \u00e9s (m\u00e9g) Banter, a Ruff On The Beat csapat r\u00e9sz\u00e9r\u0151l, akik n\u00e9mi el\u0151zetest is adtak m\u0171soruk m\u00e1sodik \u00e9vad\u00e1b\u00f3l, ami heteken bel\u00fcl ism\u00e9t hallhat\u00f3 lesz a R\u00e1di\u00f3 X m\u0171sor\u00e1n. \u00c9s persze nem hagyhattuk ki Trumpet koll\u00e9g\u00e1t sem, aki az \u00c9jszakai J\u00e1rat r\u00e9sz\u00e9r\u0151l m\u00e1r b\u0151ven a j\u00f6v\u0151 \u00e9vet tervezi, seg\u00edts\u00e9g\u00e9vel r\u00e1ad\u00e1sul pontot tett\u00fcnk a szegedi \u00e9s a bajai hal\u00e1szl\u00e9 vit\u00e1ra is (egy darabig).&nbsp;<\/p>\n\n\n\n<p><strong>A m\u0171sort Szab\u00f3 Norbi \u00e9s K\u00e1D\u00e9 vezette, csatlakozott hozz\u00e1nk mellett\u00fck Vanda \u00e9s Z is. Mindenkinek k\u00f6szi, aki valamilyen form\u00e1ban k\u00f6zrem\u0171k\u00f6d\u00f6tt, ezt m\u00e9g folytatni fogjuk \ud83d\ude42. Hallgass\u00e1tok vissza a teljes m\u0171sort az al\u00e1bbi lej\u00e1tsz\u00f3n kereszt\u00fcl! Szilveszterkor v\u00e1runk titeket a folytat\u00e1ssal!&nbsp;<\/strong><\/p>\n\n\n\n<iframe scrolling=\"no\" id=\"hearthis_at_track_11623628\" width=\"100%\" height=\"150\" src=\"https:\/\/app.hearthis.at\/embed\/11623628\/transparent_black\/?hcolor=&#038;color=&#038;style=2&#038;block_size=2&#038;block_space=1&#038;background=1&#038;waveform=0&#038;cover=0&#038;autoplay=0&#038;css=\" frameborder=\"0\" allowtransparency allow=\"autoplay\"><p>Listen to <a href=\"https:\/\/hearthis.at\/radiox\/radio-x-karacsonyi-korkapcsolas-2024.12.26\/\" target=\"_blank\" rel=\"noopener\">RADIO X &#8211; KARACSONYI KORKAPCSOLAS &#8211; 2024.12.26<\/a> <span>by<\/span><a href=\"https:\/\/hearthis.at\/radiox\/\" target=\"_blank\" rel=\"noopener\">R\u00e1di\u00f3 X | X Arch\u00edvum | radiox.hu<\/a> <span>on<\/span> <a href=\"https:\/\/hearthis.at\/\" target=\"_blank\" rel=\"noopener\">hearthis.at<\/a><\/p><\/iframe>\n\n\n\n\n\n<p><\/p>","protected":false},"excerpt":{"rendered":"<p>Amikor m\u00e1r minden bejgli elfogyott \u00e9s mindenki kibontotta a marad\u00e9k aj\u00e1nd\u00e9kokat, arra gondoltunk (K\u00e1D\u00e9 \u00e9s Szab\u00f3 Norbi), hogy ideje lenne megk\u00e9rdezni a R\u00e1di\u00f3 X \u00f6nk\u00e9nteseit: hogyan is telt az \u00fcnnepi id\u0151szak? A m\u0171sorb\u00f3l egy igaz\u00e1n j\u00f3 hangulat\u00fa k\u00f6rkapcsol\u00e1s kerekedett, olvass bele \u00e9s hallgasd vissza!&nbsp; Szerkeszt\u0151k a telefonn\u00e1l A R\u00e1di\u00f3 X szervez\u0151i \u00e9s szerkeszt\u0151i igaz\u00e1n tartalmas [&hellip;]<\/p>","protected":false},"author":1,"featured_media":2885,"comment_status":"open","ping_status":"open","sticky":false,"template":"","format":"standard","meta":{"_eb_attr":"","rank_math_lock_modified_date":false,"footnotes":""},"categories":[1],"tags":[],"class_list":["post-2882","post","type-post","status-publish","format-standard","has-post-thumbnail","hentry","category-friss"],"_links":{"self":[{"href":"https:\/\/radiox.hu\/en\/wp-json\/wp\/v2\/posts\/2882"}],"collection":[{"href":"https:\/\/radiox.hu\/en\/wp-json\/wp\/v2\/posts"}],"about":[{"href":"https:\/\/radiox.hu\/en\/wp-json\/wp\/v2\/types\/post"}],"author":[{"embeddable":true,"href":"https:\/\/radiox.hu\/en\/wp-json\/wp\/v2\/users\/1"}],"replies":[{"embeddable":true,"href":"https:\/\/radiox.hu\/en\/wp-json\/wp\/v2\/comments?post=2882"}],"version-history":[{"count":1,"href":"https:\/\/radiox.hu\/en\/wp-json\/wp\/v2\/posts\/2882\/revisions"}],"predecessor-version":[{"id":2886,"href":"https:\/\/radiox.hu\/en\/wp-json\/wp\/v2\/posts\/2882\/revisions\/2886"}],"wp:featuredmedia":[{"embeddable":true,"href":"https:\/\/radiox.hu\/en\/wp-json\/wp\/v2\/media\/2885"}],"wp:attachment":[{"href":"https:\/\/radiox.hu\/en\/wp-json\/wp\/v2\/media?parent=2882"}],"wp:term":[{"taxonomy":"category","embeddable":true,"href":"https:\/\/radiox.hu\/en\/wp-json\/wp\/v2\/categories?post=2882"},{"taxonomy":"post_tag","embeddable":true,"href":"https:\/\/radiox.hu\/en\/wp-json\/wp\/v2\/tags?post=2882"}],"curies":[{"name":"wp","href":"https:\/\/api.w.org\/{rel}","templated":true}]}}