{"id":2801,"date":"2024-10-16T11:21:14","date_gmt":"2024-10-16T09:21:14","guid":{"rendered":"https:\/\/radiox.hu\/?p=2801"},"modified":"2024-10-16T11:21:48","modified_gmt":"2024-10-16T09:21:48","slug":"foldalatti-erosen-indul-a-basszus-zenei-klubszezon","status":"publish","type":"post","link":"https:\/\/radiox.hu\/en\/2024\/10\/16\/foldalatti-erosen-indul-a-basszus-zenei-klubszezon\/","title":{"rendered":"F\u00f6ldalatti: er\u0151sen indul a basszus-zenei klubszezon!\u00a0"},"content":{"rendered":"<p><strong>K\u00e9t h\u00f3nap m\u00falva m\u00e1r csak 9 napra leszel att\u00f3l, hogy meghitt k\u00f6rnyezetben a kar\u00e1csonyfa alatt k\u00f3stold v\u00e9gig az \u00fcnnepi asztalt, amit\u0151l rendes embernek ut\u00f3bb lelkifurdal\u00e1sa lesz, de nem neked, hisz m\u00e1r most azon gondolkozol, hogy p\u00f6rgesd el a felesleges kal\u00f3ri\u00e1kat. Szerencs\u00e9re van neked R\u00e1di\u00f3 X, ami most is seg\u00edt, itt van r\u00f6gt\u00f6n k\u00e9t mozg\u00e1sgyakorlat az \u0151szi klubszezonra, amiket nem \u00e9rdemes kihagyni!\u00a0<\/strong><\/p>\n\n\n\n<figure class=\"wp-block-image size-full is-resized\"><img fetchpriority=\"high\" decoding=\"async\" width=\"2560\" height=\"1440\" src=\"https:\/\/radiox.hu\/wp-content\/uploads\/2024\/10\/mcrcllcover-scaled.jpg\" alt=\"\" class=\"wp-image-2802\" style=\"width:1170px;height:auto\" srcset=\"https:\/\/radiox.hu\/wp-content\/uploads\/2024\/10\/mcrcllcover-scaled.jpg 2560w, https:\/\/radiox.hu\/wp-content\/uploads\/2024\/10\/mcrcllcover-300x169.jpg 300w, https:\/\/radiox.hu\/wp-content\/uploads\/2024\/10\/mcrcllcover-1024x576.jpg 1024w, https:\/\/radiox.hu\/wp-content\/uploads\/2024\/10\/mcrcllcover-150x84.jpg 150w, https:\/\/radiox.hu\/wp-content\/uploads\/2024\/10\/mcrcllcover-768x432.jpg 768w, https:\/\/radiox.hu\/wp-content\/uploads\/2024\/10\/mcrcllcover-1536x864.jpg 1536w, https:\/\/radiox.hu\/wp-content\/uploads\/2024\/10\/mcrcllcover-2048x1152.jpg 2048w, https:\/\/radiox.hu\/wp-content\/uploads\/2024\/10\/mcrcllcover-18x10.jpg 18w, https:\/\/radiox.hu\/wp-content\/uploads\/2024\/10\/mcrcllcover-2000x1125.jpg 2000w, https:\/\/radiox.hu\/wp-content\/uploads\/2024\/10\/mcrcllcover-373x210.jpg 373w, https:\/\/radiox.hu\/wp-content\/uploads\/2024\/10\/mcrcllcover-1333x750.jpg 1333w\" sizes=\"(max-width: 2560px) 100vw, 2560px\" \/><\/figure>\n\n\n\n<h2 class=\"wp-block-heading\"><strong>Bass Theory Club @ A38<\/strong><\/h2>\n\n\n\n<p>November 8-\u00e1n ism\u00e9t megrendez\u00e9sre ker\u00fcl a nagy m\u00faltra visszatekint\u0151 basszus-zenei mozgol\u00f3d\u00e1s, a Bass Theory Club. Az \u0151szi szezonhoz igazodva az <a href=\"https:\/\/www.facebook.com\/share\/LoftDVfERCu2aeQQ\/?mibextid=9l3rBW\" target=\"_blank\" rel=\"noopener\">event<\/a> ez\u00fattal az A38 Orrb\u00e1rj\u00e1ban kap helyet, de nem sokat &#8211; <a href=\"https:\/\/cooltix.hu\/event\/6706d99e2220ee99295db517?\" target=\"_blank\" rel=\"noopener\">\u00f6sszesen 100 jegyet tudtok elkapkodni<\/a>, sz\u00f3val \u00e9rdemes id\u0151ben v\u00e1s\u00e1rolgatni, ha ott lenn\u00e9tek. A bulit egy\u00e9bk\u00e9nt Bergi jegyzi &#8211; aki a fell\u00e9p\u0151k k\u00f6z\u00f6tt is felt\u0171nik majd &#8211; neki sokat k\u00f6sz\u00f6nhet az underground ezen szeglete, rengeteg esem\u00e9ny rendez\u00e9s\u00e9ben m\u0171k\u00f6d\u00f6tt k\u00f6zre, s\u0151t, r\u00e9szt vett a R\u00e1di\u00f3 X m\u0171sor\u00e1n m\u00e1r emlegetett <a href=\"https:\/\/radiox.hu\/en\/2024\/07\/01\/foldalatti-friss-underground-valogatassal-jon-a-macrocell\/\">Budapest 140 projekt<\/a> els\u0151 fordul\u00f3j\u00e1ban is. A sz\u00ednpadon megfordul majd Cadik, Zosha, <a href=\"https:\/\/radiox.hu\/en\/2024\/09\/01\/zagrabi-dubstep-a-nyarzaro-foldalattiban\/\">Vrama<\/a>, Bergi valamint Frozen Dubs. Ut\u00f3bbi szerepl\u0151 Frozen Plates n\u00e9ven futtat egy kiad\u00f3t is, amely m\u00e1ra basszus-zenei k\u00f6r\u00f6kben gyakorlatilag vil\u00e1gh\u00edr\u0171. A hely zseni, a lineup is er\u0151s, sz\u00f3val m\u00e1r csak ott kell lennetek!&nbsp;<\/p>\n\n\n\n<h2 class=\"wp-block-heading\"><strong>Meg\u00e9rkezett a Budapest 140 &#8211; vol.2!<\/strong><\/h2>\n\n\n\n<p>\u2026a Macrocell Records a megjelen\u00e9st pedig r\u00f6gt\u00f6n \u00f6ssze is k\u00f6ti egy \u00edg\u00e9retes bulival november 15-\u00e9n a Telepen. A projekt keret\u00e9ben v\u00e1logat\u00e1s k\u00e9sz\u00fcl a hazai underground jav\u00e1val, 140 BPM-en, r\u00e1ad\u00e1sul imm\u00e1ron a m\u00e1sodik lemez j\u00f6n, amit a R\u00e1di\u00f3 X is nagy \u00f6r\u00f6mmel ad k\u00f6zre. A buli ingyenes, a kiadv\u00e1ny szelektorai pedig nagy sz\u00e1mban k\u00e9pviseltetik magukat. Itt lesz a R\u00e1di\u00f3 X m\u0171sor\u00e1b\u00f3l is ismer\u0151s Epnu (HR), Ethics (UK), Korode (UK), Lapa (UK), Seek:id (UK) \u00e9s Vrama is. Az \u00edg\u00e9ret szerint Ethics is felpattan majd a mikrofonhoz, hogy val\u00f3ban felforr\u00f3s\u00edtsa az esem\u00e9nyt. Frissen, ropog\u00f3san sz\u00f3lnak majd teh\u00e1t a basszus-zenei \u00fctemek, nem \u00e9rdemes kihagyni! Az esem\u00e9nyt addig is <a href=\"https:\/\/www.facebook.com\/events\/s\/macrocell-pres-epnu-hr-ethics-\/1081958029447014\/\" target=\"_blank\" rel=\"noopener\">keress\u00e9tek a Facebookon<\/a>, hamarosan j\u00f6nnek a tov\u00e1bbi inf\u00f3k is. A Budapest 140 projektr\u0151l kor\u00e1bban egy\u00e9bk\u00e9nt b\u0151vebben is besz\u00e9lt\u00fcnk a F\u00f6ldalattiban, az al\u00e1bbi lej\u00e1tsz\u00f3n vissza tudtok hallgatni kedvcsin\u00e1l\u00f3k\u00e9nt egy j\u00f3 Vrama mixet, \u00e9s a t\u00e9m\u00e1ban k\u00e9sz\u00edtett interj\u00fat is.\u00a0<\/p>\n\n\n\n<iframe scrolling=\"no\" id=\"hearthis_at_track_11220817\" width=\"100%\" height=\"150\" src=\"https:\/\/app.hearthis.at\/embed\/11220817\/transparent_black\/?hcolor=&#038;color=&#038;style=2&#038;block_size=2&#038;block_space=1&#038;background=1&#038;waveform=0&#038;cover=0&#038;autoplay=0&#038;css=\" frameborder=\"0\" allowtransparency allow=\"autoplay\"><p>Listen to <a href=\"https:\/\/hearthis.at\/radiox\/radio-x-foldalatti-2024.06.29\/\" target=\"_blank\" rel=\"noopener\">RADIO X &#8211; F\u00d6LDALATTI &#8211; 2024.06.29<\/a> <span>by<\/span><a href=\"https:\/\/hearthis.at\/radiox\/\" target=\"_blank\" rel=\"noopener\">R\u00e1di\u00f3 X | X Arch\u00edvum | radiox.hu<\/a> <span>on<\/span> <a href=\"https:\/\/hearthis.at\/\" target=\"_blank\" rel=\"noopener\">hearthis.at<\/a><\/p><\/iframe>","protected":false},"excerpt":{"rendered":"<p>K\u00e9t h\u00f3nap m\u00falva m\u00e1r csak 9 napra leszel att\u00f3l, hogy meghitt k\u00f6rnyezetben a kar\u00e1csonyfa alatt k\u00f3stold v\u00e9gig az \u00fcnnepi asztalt, amit\u0151l rendes embernek ut\u00f3bb lelkifurdal\u00e1sa lesz, de nem neked, hisz m\u00e1r most azon gondolkozol, hogy p\u00f6rgesd el a felesleges kal\u00f3ri\u00e1kat. Szerencs\u00e9re van neked R\u00e1di\u00f3 X, ami most is seg\u00edt, itt van r\u00f6gt\u00f6n k\u00e9t mozg\u00e1sgyakorlat az [&hellip;]<\/p>","protected":false},"author":1,"featured_media":2802,"comment_status":"open","ping_status":"open","sticky":false,"template":"","format":"standard","meta":{"_eb_attr":"","rank_math_lock_modified_date":false,"footnotes":""},"categories":[1],"tags":[],"class_list":["post-2801","post","type-post","status-publish","format-standard","has-post-thumbnail","hentry","category-friss"],"_links":{"self":[{"href":"https:\/\/radiox.hu\/en\/wp-json\/wp\/v2\/posts\/2801"}],"collection":[{"href":"https:\/\/radiox.hu\/en\/wp-json\/wp\/v2\/posts"}],"about":[{"href":"https:\/\/radiox.hu\/en\/wp-json\/wp\/v2\/types\/post"}],"author":[{"embeddable":true,"href":"https:\/\/radiox.hu\/en\/wp-json\/wp\/v2\/users\/1"}],"replies":[{"embeddable":true,"href":"https:\/\/radiox.hu\/en\/wp-json\/wp\/v2\/comments?post=2801"}],"version-history":[{"count":2,"href":"https:\/\/radiox.hu\/en\/wp-json\/wp\/v2\/posts\/2801\/revisions"}],"predecessor-version":[{"id":2804,"href":"https:\/\/radiox.hu\/en\/wp-json\/wp\/v2\/posts\/2801\/revisions\/2804"}],"wp:featuredmedia":[{"embeddable":true,"href":"https:\/\/radiox.hu\/en\/wp-json\/wp\/v2\/media\/2802"}],"wp:attachment":[{"href":"https:\/\/radiox.hu\/en\/wp-json\/wp\/v2\/media?parent=2801"}],"wp:term":[{"taxonomy":"category","embeddable":true,"href":"https:\/\/radiox.hu\/en\/wp-json\/wp\/v2\/categories?post=2801"},{"taxonomy":"post_tag","embeddable":true,"href":"https:\/\/radiox.hu\/en\/wp-json\/wp\/v2\/tags?post=2801"}],"curies":[{"name":"wp","href":"https:\/\/api.w.org\/{rel}","templated":true}]}}