{"id":2762,"date":"2024-09-01T20:10:44","date_gmt":"2024-09-01T18:10:44","guid":{"rendered":"https:\/\/radiox.hu\/?p=2762"},"modified":"2024-09-01T21:01:46","modified_gmt":"2024-09-01T19:01:46","slug":"zagrabi-dubstep-a-nyarzaro-foldalattiban","status":"publish","type":"post","link":"https:\/\/radiox.hu\/en\/2024\/09\/01\/zagrabi-dubstep-a-nyarzaro-foldalattiban\/","title":{"rendered":"Z\u00e1gr\u00e1bi dubstep a ny\u00e1rz\u00e1r\u00f3 F\u00f6ldalattiban"},"content":{"rendered":"<p><strong>Vrama vette k\u00e9zbe a F\u00f6ldalatti szerkeszt\u00e9s\u00e9t augusztus 31-\u00e9n, a ny\u00e1r utols\u00f3 napj\u00e1n. A m\u0171sorban els\u0151 fel\u00e9ben Horv\u00e1torsz\u00e1gba rep\u00fclt\u00fcnk: a z\u00e1gr\u00e1bi \u00fctemeket Epnu sz\u00e1ll\u00edtotta az X-en! Hallgassatok bele!\u00a0<\/strong><\/p>\n\n\n\n<figure class=\"wp-block-image size-full\"><img fetchpriority=\"high\" decoding=\"async\" width=\"2560\" height=\"1916\" src=\"https:\/\/radiox.hu\/wp-content\/uploads\/2024\/01\/1706382138255-1-scaled.jpg\" alt=\"\" class=\"wp-image-1976\" srcset=\"https:\/\/radiox.hu\/wp-content\/uploads\/2024\/01\/1706382138255-1-scaled.jpg 2560w, https:\/\/radiox.hu\/wp-content\/uploads\/2024\/01\/1706382138255-1-300x224.jpg 300w, https:\/\/radiox.hu\/wp-content\/uploads\/2024\/01\/1706382138255-1-1024x766.jpg 1024w, https:\/\/radiox.hu\/wp-content\/uploads\/2024\/01\/1706382138255-1-150x112.jpg 150w, https:\/\/radiox.hu\/wp-content\/uploads\/2024\/01\/1706382138255-1-768x575.jpg 768w, https:\/\/radiox.hu\/wp-content\/uploads\/2024\/01\/1706382138255-1-1536x1149.jpg 1536w, https:\/\/radiox.hu\/wp-content\/uploads\/2024\/01\/1706382138255-1-2048x1532.jpg 2048w, https:\/\/radiox.hu\/wp-content\/uploads\/2024\/01\/1706382138255-1-2000x1497.jpg 2000w, https:\/\/radiox.hu\/wp-content\/uploads\/2024\/01\/1706382138255-1-281x210.jpg 281w, https:\/\/radiox.hu\/wp-content\/uploads\/2024\/01\/1706382138255-1-1002x750.jpg 1002w\" sizes=\"(max-width: 2560px) 100vw, 2560px\" \/><\/figure>\n\n\n\n<p>A ny\u00e1r v\u00e9g\u00e9vel igyekezt\u00fcnk valami \u00e9rdekes \u00e9s nem szok\u00e1sos m\u0171sorral meglepni titeket. A F\u00f6ldalatti szerkeszt\u00e9s\u00e9t augusztus 31-\u00e9n \u00e1tvette Vrama, t\u00f6bb aprop\u00f3b\u00f3l is. Egyr\u00e9szt ugye, hogy v\u00e9ge az \u00e9vszaknak, de ami fontosabb: <a href=\"https:\/\/macrocellrecords.bandcamp.com\/album\/mcrcll010-epnu-boing-ep\" target=\"_blank\" rel=\"noopener\">szeptember 13-\u00e1n megjelenik egy \u00fajabb kislemez a Macrocell Records gondoz\u00e1s\u00e1ban.<\/a> Ez m\u00e1r a&nbsp; MCRCLL010; a Boing kislemezen Epnu hozott 3 dubstepet, az egyikbe ezek k\u00f6z\u00fcl a linken m\u00e1r bele is hallgathattok.&nbsp;<\/p>\n\n\n\n<p>A F\u00f6ldalattiban Epnu most jelent meg el\u0151sz\u00f6r, de rem\u00e9nyeink szerint nem utolj\u00e1ra. Horv\u00e1torsz\u00e1gb\u00f3l, Z\u00e1gr\u00e1bb\u00f3l \u00e9rkezett. A dubstep m\u0171fajt valamikor 2012 k\u00f6r\u00fcl fedezte fel, 2016 \u00f3ta pedig rendszeresen j\u00e1tssza \u00e9s k\u00e9sz\u00edti ezeket DJ-k\u00e9nt \u00e9s producerk\u00e9nt egyar\u00e1nt. Epnu hangz\u00e1sa nem a megszokott ketrecharcos ir\u00e1nyokba visz, sokkal ink\u00e1bb meghat\u00e1rozz\u00e1k az \u00fct\u0151hangszerek \u00e9s n\u00e9h\u00e1ny zseni sub bass. Miut\u00e1n tal\u00e1lkozott \u00e9s rendezv\u00e9nyeket szervezett a z\u00e1gr\u00e1bi Volumen kollekt\u00edv\u00e1val, most folyamatosan \u00fajabb \u00e9s \u00fajabb projekteken dolgozik.&nbsp;<\/p>\n\n\n\n<p>A m\u0171sor m\u00e1sodik fel\u00e9ben beugrott egy szuper szettre Vrama is, sz\u00f3val ha nagyon hivatalosak akarunk lenni, \u0151 z\u00e1rta a nyarat a R\u00e1di\u00f3 X-en. Ha lemaradtatok r\u00f3la, a m\u0171sort m\u00e1r vissza tudj\u00e1tok hallgatni az X arch\u00edvumban, vagy az al\u00e1bbi lej\u00e1tsz\u00f3n kereszt\u00fcl \u00f6r\u00f6kk\u00e9, \u00e9s m\u00e9g kicsit tov\u00e1bb is:&nbsp;<\/p>\n\n\n\n<iframe scrolling=\"no\" id=\"hearthis_at_track_11356333\" width=\"100%\" height=\"150\" src=\"https:\/\/app.hearthis.at\/embed\/11356333\/transparent_black\/?hcolor=&#038;color=&#038;style=2&#038;block_size=2&#038;block_space=1&#038;background=1&#038;waveform=0&#038;cover=0&#038;autoplay=0&#038;css=\" frameborder=\"0\" allowtransparency allow=\"autoplay\"><p>Listen to <a href=\"https:\/\/hearthis.at\/radiox\/radio-x-foldalatti-2024.08.31\/\" target=\"_blank\" rel=\"noopener\">RADIO X &#8211; F\u00d6LDALATTI (by EPNU (HR) &amp; VRAMA) &#8211; 2024.08.31<\/a> <span>by<\/span><a href=\"https:\/\/hearthis.at\/radiox\/\" target=\"_blank\" rel=\"noopener\">R\u00e1di\u00f3 X | X Arch\u00edvum | radiox.hu<\/a> <span>on<\/span> <a href=\"https:\/\/hearthis.at\/\" target=\"_blank\" rel=\"noopener\">hearthis.at<\/a><\/p><\/iframe>","protected":false},"excerpt":{"rendered":"<p>Vrama vette k\u00e9zbe a F\u00f6ldalatti szerkeszt\u00e9s\u00e9t augusztus 31-\u00e9n, a ny\u00e1r utols\u00f3 napj\u00e1n. A m\u0171sorban els\u0151 fel\u00e9ben Horv\u00e1torsz\u00e1gba rep\u00fclt\u00fcnk: a z\u00e1gr\u00e1bi \u00fctemeket Epnu sz\u00e1ll\u00edtotta az X-en! Hallgassatok bele!\u00a0 A ny\u00e1r v\u00e9g\u00e9vel igyekezt\u00fcnk valami \u00e9rdekes \u00e9s nem szok\u00e1sos m\u0171sorral meglepni titeket. A F\u00f6ldalatti szerkeszt\u00e9s\u00e9t augusztus 31-\u00e9n \u00e1tvette Vrama, t\u00f6bb aprop\u00f3b\u00f3l is. Egyr\u00e9szt ugye, hogy v\u00e9ge az \u00e9vszaknak, [&hellip;]<\/p>","protected":false},"author":1,"featured_media":1976,"comment_status":"open","ping_status":"open","sticky":false,"template":"","format":"standard","meta":{"_eb_attr":"","rank_math_lock_modified_date":false,"footnotes":""},"categories":[1],"tags":[],"class_list":["post-2762","post","type-post","status-publish","format-standard","has-post-thumbnail","hentry","category-friss"],"_links":{"self":[{"href":"https:\/\/radiox.hu\/en\/wp-json\/wp\/v2\/posts\/2762"}],"collection":[{"href":"https:\/\/radiox.hu\/en\/wp-json\/wp\/v2\/posts"}],"about":[{"href":"https:\/\/radiox.hu\/en\/wp-json\/wp\/v2\/types\/post"}],"author":[{"embeddable":true,"href":"https:\/\/radiox.hu\/en\/wp-json\/wp\/v2\/users\/1"}],"replies":[{"embeddable":true,"href":"https:\/\/radiox.hu\/en\/wp-json\/wp\/v2\/comments?post=2762"}],"version-history":[{"count":2,"href":"https:\/\/radiox.hu\/en\/wp-json\/wp\/v2\/posts\/2762\/revisions"}],"predecessor-version":[{"id":2769,"href":"https:\/\/radiox.hu\/en\/wp-json\/wp\/v2\/posts\/2762\/revisions\/2769"}],"wp:featuredmedia":[{"embeddable":true,"href":"https:\/\/radiox.hu\/en\/wp-json\/wp\/v2\/media\/1976"}],"wp:attachment":[{"href":"https:\/\/radiox.hu\/en\/wp-json\/wp\/v2\/media?parent=2762"}],"wp:term":[{"taxonomy":"category","embeddable":true,"href":"https:\/\/radiox.hu\/en\/wp-json\/wp\/v2\/categories?post=2762"},{"taxonomy":"post_tag","embeddable":true,"href":"https:\/\/radiox.hu\/en\/wp-json\/wp\/v2\/tags?post=2762"}],"curies":[{"name":"wp","href":"https:\/\/api.w.org\/{rel}","templated":true}]}}