{"id":2667,"date":"2024-07-01T10:32:19","date_gmt":"2024-07-01T08:32:19","guid":{"rendered":"https:\/\/radiox.hu\/?p=2667"},"modified":"2024-07-02T10:31:33","modified_gmt":"2024-07-02T08:31:33","slug":"foldalatti-friss-underground-valogatassal-jon-a-macrocell","status":"publish","type":"post","link":"https:\/\/radiox.hu\/en\/2024\/07\/01\/foldalatti-friss-underground-valogatassal-jon-a-macrocell\/","title":{"rendered":"F\u00f6ldalatti: friss underground v\u00e1logat\u00e1ssal j\u00f6n a Macrocell!\u00a0"},"content":{"rendered":"<p><strong>A F\u00f6ldalatti szombati ad\u00e1s\u00e1ban ism\u00e9t Vrama ugrott a pult m\u00f6g\u00e9 k\u00e9t \u00f3r\u00e1ra \u00e9s szerencs\u00e9re volt p\u00e1r perc\u00fcnk besz\u00e9lgetni kicsit a Macrocell Records \u00faj projektj\u00e9r\u0151l is, mely keret\u00e9ben egy \u00faj v\u00e1logat\u00e1s k\u00e9sz\u00fcl a hazai underground jav\u00e1val, 140 BPM-en. M\u00e9g csatlakozhatsz is, sz\u00f3val mindenk\u00e9pp olvass tov\u00e1bb!<\/strong><\/p>\n\n\n\n<figure class=\"wp-block-image size-full\"><img fetchpriority=\"high\" decoding=\"async\" width=\"2048\" height=\"1152\" src=\"https:\/\/radiox.hu\/wp-content\/uploads\/2024\/03\/vrama.jpg\" alt=\"\" class=\"wp-image-2213\" srcset=\"https:\/\/radiox.hu\/wp-content\/uploads\/2024\/03\/vrama.jpg 2048w, https:\/\/radiox.hu\/wp-content\/uploads\/2024\/03\/vrama-300x169.jpg 300w, https:\/\/radiox.hu\/wp-content\/uploads\/2024\/03\/vrama-1024x576.jpg 1024w, https:\/\/radiox.hu\/wp-content\/uploads\/2024\/03\/vrama-150x84.jpg 150w, https:\/\/radiox.hu\/wp-content\/uploads\/2024\/03\/vrama-768x432.jpg 768w, https:\/\/radiox.hu\/wp-content\/uploads\/2024\/03\/vrama-1536x864.jpg 1536w, https:\/\/radiox.hu\/wp-content\/uploads\/2024\/03\/vrama-18x10.jpg 18w, https:\/\/radiox.hu\/wp-content\/uploads\/2024\/03\/vrama-2000x1125.jpg 2000w, https:\/\/radiox.hu\/wp-content\/uploads\/2024\/03\/vrama-373x210.jpg 373w, https:\/\/radiox.hu\/wp-content\/uploads\/2024\/03\/vrama-1333x750.jpg 1333w\" sizes=\"(max-width: 2048px) 100vw, 2048px\" \/><\/figure>\n\n\n\n<p><\/p>\n\n\n\n<p>A <a href=\"https:\/\/macrocellrecords.bandcamp.com\/\" target=\"_blank\" rel=\"noopener\">Macrocell Records<\/a>r\u00f3l m\u00e1r t\u00f6bb alkalommal <a href=\"https:\/\/radiox.hu\/en\/2024\/03\/16\/vrama-ez-nem-egy-ketrecharcos-buli-itt-a-hangokra-figyelunk\/\">esett sz\u00f3 a R\u00e1di\u00f3 X-en.<\/a> A kiad\u00f3 vezet\u0151je, Vrama, a r\u00e1di\u00f3 gyakori vend\u00e9ge \u00e9s csin\u00e1l\u00f3ja \u00e9s nagy szerencs\u00e9nkre folyamatosan valamilyen \u00faj projekten t\u00f6ri a fej\u00e9t. Nem v\u00e1ltozott ez a ny\u00e1r bek\u00f6sz\u00f6nt\u00e9vel sem.&nbsp;<\/p>\n\n\n\n<p>L\u00e9tezik egy <a href=\"https:\/\/facebook.com\/groups\/1738577609693721\/?ref=share\" target=\"_blank\" rel=\"noopener\">140 Budapest<\/a> nev\u0171 k\u00f6z\u00f6ss\u00e9g, amely nagy sz\u00e1mban t\u00f6m\u00f6r\u00edti a hazai dubstep, grime, drill \u00e9s basszuszenei k\u00f6zeget, \u00e9rdemes csatlakozni m\u00e1r csak a buliprom\u00f3k miatt is, de szuper megjelen\u00e9seket is tal\u00e1ltok a csoporton bel\u00fcl. Most a r\u00e9sztvev\u0151k k\u00f6z\u00f6tt (is) Vrama felvetette, hogy \u00e9rdemes lenne a fentebb felsorolt m\u0171fajokb\u00f3l ism\u00e9t egy v\u00e1logat\u00e1slemezt kiadni. Az\u00e9rt \u00edrjuk, hogy ism\u00e9t, mert maga az elk\u00e9pzel\u00e9s 3 \u00e9ve sz\u00fcletett meg, <a href=\"https:\/\/macrocellrecords.bandcamp.com\/album\/140budapest\" target=\"_blank\" rel=\"noopener\">\u00e9s egy album m\u00e1r meg is jelent. <\/a>Ennek j\u00f6het most a m\u00e1sodik r\u00e9sze (140BUDAPEST &#8211; vol.2) &#8211; \u00e9s a j\u00f3 h\u00edr az, hogy a lemezen ak\u00e1r te is helyet kaphatsz!<\/p>\n\n\n\n<p>Ha \u00fagy \u00e9rzed, hogy a fent megjel\u00f6lt m\u0171fajok valamelyik\u00e9ben mozogsz, stimmel a temp\u00f3 \u00e9s lenne egy zen\u00e9d amire minden haverod azt mondja, hogy nagyon j\u00f3, de f\u00e9lsz, hogy hazudnak, ez\u00e9rt igaz\u00e1b\u00f3l m\u00e1r le is tett\u00e9l arr\u00f3l, hogy valaha is megjelentesd, s\u00fcrg\u0151sen \u00edrj a kiad\u00f3nak! A Macrocell Records csapat\u00e1t el\u00e9ritek a <a href=\"mailto:macrocellrecords@gmail.com\">macrocellrecords@gmail.com<\/a> c\u00edmen.&nbsp;<\/p>\n\n\n\n<p>A lemez megjelen\u00e9s\u00e9hez a sr\u00e1cok r\u00e1ad\u00e1sul hagyom\u00e1nyosan t\u00e1rs\u00edtanak egy bemutat\u00f3 bulit is, k\u00e9sz\u00fclnek men\u0151 m\u00f6rcs\u00f6k, sz\u00f3val mindenk\u00e9pp \u00e9rdemes lesz artistk\u00e9nt, de hallgat\u00f3k\u00e9nt is k\u00f6vetni \u0151ket &#8211; a friss inf\u00f3kr\u00f3l tuti besz\u00e1molunk majd a R\u00e1di\u00f3 X-en is!&nbsp;<\/p>\n\n\n\n<p>A F\u00f6ldalatti teljes m\u0171sor\u00e1t lep\u00f6rgetheted az al\u00e1bbi lej\u00e1tsz\u00f3ra kattintva, vagy a R\u00e1di\u00f3 X arch\u00edvum\u00e1n kereszt\u00fcl. Az interj\u00fat megtal\u00e1lod 1:00:45-n\u00e9l! \ud83d\ude42 Addig is <a href=\"http:\/\/linktr.ee\/vrama9.5\" target=\"_blank\" rel=\"noopener\">keresd Vram\u00e1t mindenhol is<\/a>, a <a href=\"https:\/\/linktr.ee\/macrocellrecords\" target=\"_blank\" rel=\"noopener\">kiad\u00f3t pedig szint\u00e9n.<\/a>&nbsp;&nbsp;<\/p>\n\n\n\n<p><\/p>\n\n\n\n<iframe scrolling=\"no\" id=\"hearthis_at_track_11220817\" width=\"100%\" height=\"150\" src=\"https:\/\/app.hearthis.at\/embed\/11220817\/transparent_black\/?hcolor=&#038;color=&#038;style=2&#038;block_size=2&#038;block_space=1&#038;background=1&#038;waveform=0&#038;cover=0&#038;autoplay=0&#038;css=\" frameborder=\"0\" allowtransparency allow=\"autoplay\"><p>Listen to <a href=\"https:\/\/hearthis.at\/radiox\/radio-x-foldalatti-2024.06.29\/\" target=\"_blank\" rel=\"noopener\">RADIO X &#8211; F\u00d6LDALATTI &#8211; 2024.06.29<\/a> <span>by<\/span><a href=\"https:\/\/hearthis.at\/radiox\/\" target=\"_blank\" rel=\"noopener\">R\u00e1di\u00f3 X | X Arch\u00edvum | radiox.hu<\/a> <span>on<\/span> <a href=\"https:\/\/hearthis.at\/\" target=\"_blank\" rel=\"noopener\">hearthis.at<\/a><\/p><\/iframe>","protected":false},"excerpt":{"rendered":"<p>A F\u00f6ldalatti szombati ad\u00e1s\u00e1ban ism\u00e9t Vrama ugrott a pult m\u00f6g\u00e9 k\u00e9t \u00f3r\u00e1ra \u00e9s szerencs\u00e9re volt p\u00e1r perc\u00fcnk besz\u00e9lgetni kicsit a Macrocell Records \u00faj projektj\u00e9r\u0151l is, mely keret\u00e9ben egy \u00faj v\u00e1logat\u00e1s k\u00e9sz\u00fcl a hazai underground jav\u00e1val, 140 BPM-en. M\u00e9g csatlakozhatsz is, sz\u00f3val mindenk\u00e9pp olvass tov\u00e1bb! A Macrocell Recordsr\u00f3l m\u00e1r t\u00f6bb alkalommal esett sz\u00f3 a R\u00e1di\u00f3 X-en. [&hellip;]<\/p>","protected":false},"author":1,"featured_media":2214,"comment_status":"open","ping_status":"open","sticky":false,"template":"","format":"standard","meta":{"_eb_attr":"","rank_math_lock_modified_date":false,"footnotes":""},"categories":[1],"tags":[],"class_list":["post-2667","post","type-post","status-publish","format-standard","has-post-thumbnail","hentry","category-friss"],"_links":{"self":[{"href":"https:\/\/radiox.hu\/en\/wp-json\/wp\/v2\/posts\/2667"}],"collection":[{"href":"https:\/\/radiox.hu\/en\/wp-json\/wp\/v2\/posts"}],"about":[{"href":"https:\/\/radiox.hu\/en\/wp-json\/wp\/v2\/types\/post"}],"author":[{"embeddable":true,"href":"https:\/\/radiox.hu\/en\/wp-json\/wp\/v2\/users\/1"}],"replies":[{"embeddable":true,"href":"https:\/\/radiox.hu\/en\/wp-json\/wp\/v2\/comments?post=2667"}],"version-history":[{"count":3,"href":"https:\/\/radiox.hu\/en\/wp-json\/wp\/v2\/posts\/2667\/revisions"}],"predecessor-version":[{"id":2670,"href":"https:\/\/radiox.hu\/en\/wp-json\/wp\/v2\/posts\/2667\/revisions\/2670"}],"wp:featuredmedia":[{"embeddable":true,"href":"https:\/\/radiox.hu\/en\/wp-json\/wp\/v2\/media\/2214"}],"wp:attachment":[{"href":"https:\/\/radiox.hu\/en\/wp-json\/wp\/v2\/media?parent=2667"}],"wp:term":[{"taxonomy":"category","embeddable":true,"href":"https:\/\/radiox.hu\/en\/wp-json\/wp\/v2\/categories?post=2667"},{"taxonomy":"post_tag","embeddable":true,"href":"https:\/\/radiox.hu\/en\/wp-json\/wp\/v2\/tags?post=2667"}],"curies":[{"name":"wp","href":"https:\/\/api.w.org\/{rel}","templated":true}]}}