{"id":2657,"date":"2024-06-22T20:42:56","date_gmt":"2024-06-22T18:42:56","guid":{"rendered":"https:\/\/radiox.hu\/?p=2657"},"modified":"2024-06-22T21:01:28","modified_gmt":"2024-06-22T19:01:28","slug":"nem-ebbol-fogunk-meggazdagodni-de-nem-is-ez-a-cel-a-48-eves-efott-kulisszatitkairol-beszelgettunk","status":"publish","type":"post","link":"https:\/\/radiox.hu\/en\/2024\/06\/22\/nem-ebbol-fogunk-meggazdagodni-de-nem-is-ez-a-cel-a-48-eves-efott-kulisszatitkairol-beszelgettunk\/","title":{"rendered":"Fesztiv\u00e1l a kulissz\u00e1k m\u00f6g\u00f6tt: id\u00e9n is j\u00f6n a 48 \u00e9ves EFOTT!"},"content":{"rendered":"<p><strong>Mit\u0151l lehet sikeres az egyetemist\u00e1k fesztiv\u00e1lja csaknem f\u00e9l \u00e9vsz\u00e1zada? Ennek pr\u00f3b\u00e1lt ut\u00e1naj\u00e1rni az Esti Mes\u00e9k legut\u00f3bbi ad\u00e1s\u00e1ban Bal\u00e1zs, az EFOTT sajt\u00f3f\u0151n\u00f6k\u00e9vel, Budai Marcellel. J\u00f6jjenek a 48 \u00e9ves rendezv\u00e9ny kulisszatitkai!&nbsp;<\/strong><\/p>\n\n\n\n<figure class=\"wp-block-image size-full is-resized\"><img fetchpriority=\"high\" decoding=\"async\" width=\"2560\" height=\"1920\" src=\"https:\/\/radiox.hu\/wp-content\/uploads\/2024\/06\/IMG_8113-1-1-scaled.jpeg\" alt=\"\" class=\"wp-image-2659\" style=\"width:1170px;height:auto\" srcset=\"https:\/\/radiox.hu\/wp-content\/uploads\/2024\/06\/IMG_8113-1-1-scaled.jpeg 2560w, https:\/\/radiox.hu\/wp-content\/uploads\/2024\/06\/IMG_8113-1-1-300x225.jpeg 300w, https:\/\/radiox.hu\/wp-content\/uploads\/2024\/06\/IMG_8113-1-1-1024x768.jpeg 1024w, https:\/\/radiox.hu\/wp-content\/uploads\/2024\/06\/IMG_8113-1-1-150x113.jpeg 150w, https:\/\/radiox.hu\/wp-content\/uploads\/2024\/06\/IMG_8113-1-1-768x576.jpeg 768w, https:\/\/radiox.hu\/wp-content\/uploads\/2024\/06\/IMG_8113-1-1-1536x1152.jpeg 1536w, https:\/\/radiox.hu\/wp-content\/uploads\/2024\/06\/IMG_8113-1-1-2048x1536.jpeg 2048w, https:\/\/radiox.hu\/wp-content\/uploads\/2024\/06\/IMG_8113-1-1-16x12.jpeg 16w, https:\/\/radiox.hu\/wp-content\/uploads\/2024\/06\/IMG_8113-1-1-2000x1500.jpeg 2000w, https:\/\/radiox.hu\/wp-content\/uploads\/2024\/06\/IMG_8113-1-1-280x210.jpeg 280w, https:\/\/radiox.hu\/wp-content\/uploads\/2024\/06\/IMG_8113-1-1-1000x750.jpeg 1000w\" sizes=\"(max-width: 2560px) 100vw, 2560px\" \/><\/figure>\n\n\n\n<p>R\u00f6gt\u00f6n itt az elej\u00e9n szeretn\u00e9m lesz\u00f6gezni, hogy kem\u00e9ny munka\u00f3r\u00e1im \u00e9s \u00e1lmatlan \u00e9jszak\u00e1im vannak abban, hogy ne egy rekl\u00e1mszag\u00fa PR cikket \u00edrjak az Esti Mes\u00e9k legut\u00f3bbi r\u00e9sz\u00e9b\u0151l, de a helyzet az, hogy itt ez a 48 \u00e9ves fesztiv\u00e1l \u00e9s nagyon sok rosszat nem tudn\u00e9k r\u00f3la mes\u00e9lni. De az\u00e9rt majd megpr\u00f3b\u00e1ljuk.&nbsp;<\/p>\n\n\n\n<h2 class=\"wp-block-heading\"><strong>Egyetemista fesztiv\u00e1l, de csak magyar artistokkal?<\/strong><\/h2>\n\n\n\n<p>Igen, \u00e9s nagyon \u00fagy n\u00e9z ki, hogy ez m\u00e1r \u00edgy is marad. Budai Marcell, az EFOTT sajt\u00f3f\u0151n\u00f6ke a R\u00e1di\u00f3 X-en arr\u00f3l besz\u00e9lt: a fesztiv\u00e1l c\u00e9lja \u00e9vr\u0151l-\u00e9vre az, hogy a hatalmas infl\u00e1ci\u00f3s k\u00f6rnyezet ellen\u00e9re is megpr\u00f3b\u00e1lja \u00e1rszab\u00e1s\u00e1t az egyetemista p\u00e9nzt\u00e1rc\u00e1khoz igaz\u00edtani. Ez megl\u00e1tszik am\u00fagy a jegy\u00e1rakon is. Ez Marci elmond\u00e1sa szerint egy el\u00e9g nagy kih\u00edv\u00e1s, mivel a rendezv\u00e9ny beker\u00fcl\u00e9si k\u00f6lts\u00e9gei is \u00e9vr\u0151l-\u00e9vre n\u00f6vekednek, \u00e9s persze sz\u00ednpadot \u00e9p\u00edteni \u00f6nmag\u00e1ban nem el\u00e9g, ha nincs, aki j\u00e1tszik rajta. Sz\u00fcks\u00e9ges \u00e9ppen ez\u00e9rt a felhozatalban a magyar el\u0151ad\u00f3kra korl\u00e1tozni. Egy k\u00fclf\u00f6ldi artist megh\u00edv\u00e1sa ugyanis olyan anyagi terhet jelentene, ami jelent\u0151s r\u00e1hat\u00e1ssal lenne a jegy\u00e1rakra is. Az EFOTT szervez\u0151i ugyanakkor &#8211; mint kider\u00fclt &#8211; folyamatosan igyekeznek felm\u00e9rni, hogy mekkora ig\u00e9ny mutatkozik egy-egy k\u00fclf\u00f6ldi el\u0151ad\u00f3 megh\u00edv\u00e1s\u00e1ra, \u00e9s a sz\u00e1mok azt mutatj\u00e1k, hogy nem is igaz\u00e1n van ilyen akarat, tekintve, hogy a hazai \u00e9ra egyfajta renesz\u00e1nsz\u00e1t \u00e9li az elm\u00falt id\u0151szakban.&nbsp;<\/p>\n\n\n\n<figure class=\"wp-block-image size-full\"><img decoding=\"async\" width=\"1000\" height=\"563\" src=\"https:\/\/radiox.hu\/wp-content\/uploads\/2024\/06\/large_418731207_921014976354562_5792782735161882352_n_d3659468b3.jpg\" alt=\"\" class=\"wp-image-2660\" srcset=\"https:\/\/radiox.hu\/wp-content\/uploads\/2024\/06\/large_418731207_921014976354562_5792782735161882352_n_d3659468b3.jpg 1000w, https:\/\/radiox.hu\/wp-content\/uploads\/2024\/06\/large_418731207_921014976354562_5792782735161882352_n_d3659468b3-300x169.jpg 300w, https:\/\/radiox.hu\/wp-content\/uploads\/2024\/06\/large_418731207_921014976354562_5792782735161882352_n_d3659468b3-150x84.jpg 150w, https:\/\/radiox.hu\/wp-content\/uploads\/2024\/06\/large_418731207_921014976354562_5792782735161882352_n_d3659468b3-768x432.jpg 768w, https:\/\/radiox.hu\/wp-content\/uploads\/2024\/06\/large_418731207_921014976354562_5792782735161882352_n_d3659468b3-18x10.jpg 18w, https:\/\/radiox.hu\/wp-content\/uploads\/2024\/06\/large_418731207_921014976354562_5792782735161882352_n_d3659468b3-373x210.jpg 373w\" sizes=\"(max-width: 1000px) 100vw, 1000px\" \/><\/figure>\n\n\n\n<h2 class=\"wp-block-heading\"><strong>\u201cNem ebb\u0151l fog senki meggazdagodni, de nem is ez a c\u00e9l\u201d<\/strong><\/h2>\n\n\n\n<p>Budai Marcell besz\u00e9lt arr\u00f3l is, hogy ez EFOTT-ra val\u00f3ban \u00fagy tekintenek, mint egy fesztiv\u00e1l, ami az egyetemista k\u00f6z\u00f6ss\u00e9g\u00e9. A rendezv\u00e9nyt minden \u00e9vben a Hallgat\u00f3i \u00d6nkorm\u00e1nyzatok Orsz\u00e1gos Konferenci\u00e1ja (H\u00d6OK) szervezi k\u00f6zvetetten, ez pedig felt\u00e9telez egyr\u00e9szt egy demokratikusabb m\u0171k\u00f6d\u00e9st, m\u00e1sr\u00e9szt egy kicsit azt, hogy ezek a sr\u00e1cok kev\u00e9sb\u00e9 hajszolj\u00e1k a profitot, mint a piacon m\u0171k\u00f6d\u0151 t\u00f6bbi rendezv\u00e9ny. \u00c9s ez t\u00f6k men\u0151. Egyr\u00e9szt a szervez\u0151k c\u00e9lja, hogy \u00e9vr\u0151l-\u00e9vre n\u00f6velj\u00e9k a fesztiv\u00e1lra l\u00e1togat\u00f3 \u00e9s elk\u00f6telezett akt\u00edv egyetemist\u00e1k sz\u00e1m\u00e1t, a v\u00e9gs\u0151 c\u00e9l pedig az, hogy&nbsp;<\/p>\n\n\n\n<blockquote class=\"wp-block-quote is-layout-flow wp-block-quote-is-layout-flow\">\n<p>Minden egyetemista a tanulm\u00e1nyai alatt t\u00f6lts\u00f6n el legal\u00e1bb egy nyarat az EFOTT-on.&nbsp;<\/p>\n<\/blockquote>\n\n\n\n<p>Ez pedig egekbe sz\u00f6k\u0151 \u00e1rak mellett nem megy. R\u00e1ad\u00e1sul &#8211; mint valamennyi szabadt\u00e9ri rendezv\u00e9ny &#8211; az EFOTT is rendk\u00edv\u00fcl id\u0151j\u00e1r\u00e1sf\u00fcgg\u0151. Ha p\u00e9ld\u00e1ul t\u00f6bb napon kereszt\u00fcl szakad az es\u0151, el\u00e9g nagy bajba ker\u00fclhet a bev\u00e9teli l\u00e1b. Ahogy Marci is megjegyezte:&nbsp;<\/p>\n\n\n\n<blockquote class=\"wp-block-quote is-layout-flow wp-block-quote-is-layout-flow\">\n<p>A hatalmas profitb\u00f3l v\u00e1s\u00e1rolt friss Bugatti tal\u00e1n m\u00e9g v\u00e1rat mag\u00e1ra<\/p>\n<\/blockquote>\n\n\n\n<h2 class=\"wp-block-heading\"><strong>Mit hoz a j\u00f6v\u0151?<\/strong><\/h2>\n\n\n\n<p>Id\u00e9n p\u00e9ld\u00e1ul csom\u00f3 j\u00f3 magyar el\u0151ad\u00f3t, \u00e9s klimatiz\u00e1lt teret. Bal\u00e1zs a m\u0171sorban felvetette az \u00e1ltala meg\u00e9lt \u00e1rny\u00e9k- probl\u00e9m\u00e1t a tavalyi rendezv\u00e9nyen. Budai Marcell, az EFOTT sajt\u00f3f\u0151n\u00f6ke elmondta: id\u00e9n t\u00f6bb \u201ch\u0171v\u00f6s\u201d t\u00e9rrel v\u00e1rj\u00e1k majd a fesztiv\u00e1loz\u00f3kat. T\u00e1vlati tervek k\u00f6z\u00f6tt szerepel emellett egy ifj\u00fas\u00e1gi k\u00f6zpont kialak\u00edt\u00e1sa is &#8211; ha viszont err\u0151l t\u00f6bbet tudn\u00e1tok meg, mindenk\u00e9pp hallgass\u00e1tok vissza az Esti Mes\u00e9k legut\u00f3bbi ad\u00e1s\u00e1t az al\u00e1bbi lej\u00e1tsz\u00f3n, vagy a R\u00e1di\u00f3 X arch\u00edvum\u00e1n kereszt\u00fcl! \ud83d\ude09<\/p>\n\n\n\n<iframe scrolling=\"no\" id=\"hearthis_at_track_11182480\" width=\"100%\" height=\"150\" src=\"https:\/\/app.hearthis.at\/embed\/11182480\/transparent_black\/?hcolor=&#038;color=&#038;style=2&#038;block_size=2&#038;block_space=1&#038;background=1&#038;waveform=0&#038;cover=0&#038;autoplay=0&#038;css=\" frameborder=\"0\" allowtransparency allow=\"autoplay\"><p>Listen to <a href=\"https:\/\/hearthis.at\/radiox\/radio-x-esti-mesek-2024.06.22\/\" target=\"_blank\" rel=\"noopener\">RADIO X &#8211; ESTI MES\u00c9K &#8211; 2024.06.22 &#8211; Az EFOTT kulisszatitkai<\/a> <span>by<\/span><a href=\"https:\/\/hearthis.at\/radiox\/\" target=\"_blank\" rel=\"noopener\">R\u00e1di\u00f3 X | X Arch\u00edvum | radiox.hu<\/a> <span>on<\/span> <a href=\"https:\/\/hearthis.at\/\" target=\"_blank\" rel=\"noopener\">hearthis.at<\/a><\/p><\/iframe>","protected":false},"excerpt":{"rendered":"<p>Mit\u0151l lehet sikeres az egyetemist\u00e1k fesztiv\u00e1lja csaknem f\u00e9l \u00e9vsz\u00e1zada? Ennek pr\u00f3b\u00e1lt ut\u00e1naj\u00e1rni az Esti Mes\u00e9k legut\u00f3bbi ad\u00e1s\u00e1ban Bal\u00e1zs, az EFOTT sajt\u00f3f\u0151n\u00f6k\u00e9vel, Budai Marcellel. J\u00f6jjenek a 48 \u00e9ves rendezv\u00e9ny kulisszatitkai!&nbsp; R\u00f6gt\u00f6n itt az elej\u00e9n szeretn\u00e9m lesz\u00f6gezni, hogy kem\u00e9ny munka\u00f3r\u00e1im \u00e9s \u00e1lmatlan \u00e9jszak\u00e1im vannak abban, hogy ne egy rekl\u00e1mszag\u00fa PR cikket \u00edrjak az Esti Mes\u00e9k legut\u00f3bbi r\u00e9sz\u00e9b\u0151l, [&hellip;]<\/p>","protected":false},"author":1,"featured_media":2658,"comment_status":"open","ping_status":"open","sticky":false,"template":"","format":"standard","meta":{"_eb_attr":"","rank_math_lock_modified_date":false,"footnotes":""},"categories":[1],"tags":[],"class_list":["post-2657","post","type-post","status-publish","format-standard","has-post-thumbnail","hentry","category-friss"],"_links":{"self":[{"href":"https:\/\/radiox.hu\/en\/wp-json\/wp\/v2\/posts\/2657"}],"collection":[{"href":"https:\/\/radiox.hu\/en\/wp-json\/wp\/v2\/posts"}],"about":[{"href":"https:\/\/radiox.hu\/en\/wp-json\/wp\/v2\/types\/post"}],"author":[{"embeddable":true,"href":"https:\/\/radiox.hu\/en\/wp-json\/wp\/v2\/users\/1"}],"replies":[{"embeddable":true,"href":"https:\/\/radiox.hu\/en\/wp-json\/wp\/v2\/comments?post=2657"}],"version-history":[{"count":4,"href":"https:\/\/radiox.hu\/en\/wp-json\/wp\/v2\/posts\/2657\/revisions"}],"predecessor-version":[{"id":2665,"href":"https:\/\/radiox.hu\/en\/wp-json\/wp\/v2\/posts\/2657\/revisions\/2665"}],"wp:featuredmedia":[{"embeddable":true,"href":"https:\/\/radiox.hu\/en\/wp-json\/wp\/v2\/media\/2658"}],"wp:attachment":[{"href":"https:\/\/radiox.hu\/en\/wp-json\/wp\/v2\/media?parent=2657"}],"wp:term":[{"taxonomy":"category","embeddable":true,"href":"https:\/\/radiox.hu\/en\/wp-json\/wp\/v2\/categories?post=2657"},{"taxonomy":"post_tag","embeddable":true,"href":"https:\/\/radiox.hu\/en\/wp-json\/wp\/v2\/tags?post=2657"}],"curies":[{"name":"wp","href":"https:\/\/api.w.org\/{rel}","templated":true}]}}