{"id":2212,"date":"2024-03-16T12:46:56","date_gmt":"2024-03-16T11:46:56","guid":{"rendered":"https:\/\/radiox.hu\/?p=2212"},"modified":"2024-03-16T12:46:57","modified_gmt":"2024-03-16T11:46:57","slug":"vrama-ez-nem-egy-ketrecharcos-buli-itt-a-hangokra-figyelunk","status":"publish","type":"post","link":"https:\/\/radiox.hu\/en\/2024\/03\/16\/vrama-ez-nem-egy-ketrecharcos-buli-itt-a-hangokra-figyelunk\/","title":{"rendered":"Vrama: \u201cEz nem egy ketrecharcos buli, itt a hangokra figyel\u00fcnk\u201d"},"content":{"rendered":"<p><strong>\u00dajabb zenei szubkult\u00fara szabadult ki az \u00e9terbe cs\u00fct\u00f6rt\u00f6k este. Ez\u00fattal egy zseni deep dubstep \u00e9s hip-hop leck\u00e9t hozott nek\u00fcnk Vrama, aki saj\u00e1t kiad\u00f3val is seg\u00edti hazai k\u00f6z\u00f6ss\u00e9get. R\u00e9gen volt ilyen m\u00e9ly zenei \u00e9lm\u00e9ny\u00fcnk az X-en, sz\u00f3val ha lemaradt\u00e1l, itt az ideje p\u00f3tolni!\u00a0<\/strong><\/p>\n\n\n\n<figure class=\"wp-block-image size-full\"><img fetchpriority=\"high\" decoding=\"async\" width=\"2048\" height=\"1152\" src=\"https:\/\/radiox.hu\/wp-content\/uploads\/2024\/03\/vrama.jpg\" alt=\"\" class=\"wp-image-2213\" srcset=\"https:\/\/radiox.hu\/wp-content\/uploads\/2024\/03\/vrama.jpg 2048w, https:\/\/radiox.hu\/wp-content\/uploads\/2024\/03\/vrama-300x169.jpg 300w, https:\/\/radiox.hu\/wp-content\/uploads\/2024\/03\/vrama-1024x576.jpg 1024w, https:\/\/radiox.hu\/wp-content\/uploads\/2024\/03\/vrama-150x84.jpg 150w, https:\/\/radiox.hu\/wp-content\/uploads\/2024\/03\/vrama-768x432.jpg 768w, https:\/\/radiox.hu\/wp-content\/uploads\/2024\/03\/vrama-1536x864.jpg 1536w, https:\/\/radiox.hu\/wp-content\/uploads\/2024\/03\/vrama-18x10.jpg 18w, https:\/\/radiox.hu\/wp-content\/uploads\/2024\/03\/vrama-2000x1125.jpg 2000w, https:\/\/radiox.hu\/wp-content\/uploads\/2024\/03\/vrama-373x210.jpg 373w, https:\/\/radiox.hu\/wp-content\/uploads\/2024\/03\/vrama-1333x750.jpg 1333w\" sizes=\"(max-width: 2048px) 100vw, 2048px\" \/><\/figure>\n\n\n\n<p>A cs\u00fct\u00f6rt\u00f6k esti Bug Presents vend\u00e9ge ezen a h\u00e9ten Vrama volt, akit saj\u00e1tos zenei megfejt\u00e9seivel m\u00e1r elkaphattatok p\u00e1r helyen. Vend\u00e9g\u00fcnkben l\u00e1tsz\u00f3lag t\u00e9nyleg van akarat, hogy ez a m\u0171faj \u00e9s k\u00f6z\u00f6ss\u00e9g itthon tov\u00e1bb gyarapodjon: saj\u00e1t kiad\u00f3t \u00fczemeltet, producerkedik \u00e9s bulikat is szervez. B\u0151ven van mondanival\u00f3ja nem csak a k\u00f6z\u00f6ss\u00e9gr\u0151l, hanem a m\u0171fajr\u00f3l is &#8211; megnyugtatva kicsit azokat, akik valami falkid\u00f6nt\u0151s veret\u00e9sre sz\u00e1m\u00edtottak a dubstep sz\u00f3 hallat\u00e1n. Mint fogalmazott:&nbsp;<\/p>\n\n\n\n<blockquote class=\"wp-block-quote is-layout-flow wp-block-quote-is-layout-flow\">\n<p>\u201cEz nem egy ketrecharcos buli, itt a hangokra figyel\u00fcnk\u201d<\/p>\n<\/blockquote>\n\n\n\n<h2 class=\"wp-block-heading\"><strong>Hogy n\u00e9z ki a m\u0171faj hazai k\u00f6z\u00f6ss\u00e9ge?<\/strong><\/h2>\n\n\n\n<p>Az\u00e9rt j\u00f3 k\u00e9s\u0151 esti m\u0171sort csin\u00e1lni a r\u00e1di\u00f3ban, mert b\u0151ven van id\u0151nk besz\u00e9lgetni. Kider\u00fclt, hogy a deep dubstep ir\u00e1nyzatnak van itthon egy stabil, j\u00f3l m\u0171k\u00f6d\u0151 k\u00f6z\u00f6ss\u00e9ge. Rendszeresen szerveznek p\u00e9ld\u00e1ul csal\u00e1diasabb, n\u00e9ha besz\u00e9lget\u0151sebb esem\u00e9nyeket a Telepen, a G\u00f3ly\u00e1ban, az ut\u00f3bbi id\u0151ben viszont a Turbina kisterme lett a bev\u00e1lt spot.&nbsp;<\/p>\n\n\n\n<p>Vrama a m\u0171sorban besz\u00e9lt arr\u00f3l, hogy az ilyen esem\u00e9nyek szervez\u00e9se n\u00e9ha dupl\u00e1n bonyolult feladat. Egyr\u00e9szt a zene annyira \u00f6sszetett, hogy ig\u00e9nyel egy komolyabb hangcuccot mint egy sz\u00e1m\u00edt\u00f3g\u00e9pes hangfal, m\u00e1sr\u00e9szt &#8211; tapasztalataik szerint &#8211; a helyek nem igaz\u00e1n szeretik befogadni az ilyen alulr\u00f3l szervez\u0151d\u0151, kisebb k\u00f6z\u00f6ss\u00e9geket. Ez pedig &#8211; nyilv\u00e1n \u00e9rthet\u0151 m\u00f3don &#8211; bizonyos \u00e9rtelemben nehez\u00edti is a t\u00e1gabb k\u00f6z\u00f6ss\u00e9g kialakul\u00e1s\u00e1t.&nbsp;<\/p>\n\n\n\n<p>Vrama p\u00e9ldak\u00e9nt hozza Eur\u00f3pa t\u00f6bbi r\u00e9sz\u00e9t: mint mondta, tapasztalatai szerint a m\u0171faj sokkal jobban tud m\u0171k\u00f6dni p\u00e9ld\u00e1ul Csehorsz\u00e1gban vagy Ausztri\u00e1ban.<\/p>\n\n\n\n<h2 class=\"wp-block-heading\"><strong>Macrocell Records<\/strong><\/h2>\n\n\n\n<p>Vrama saj\u00e1t zenei kiad\u00f3val pr\u00f3b\u00e1lja seg\u00edteni a m\u0171faj elterjed\u00e9s\u00e9t. A <a href=\"https:\/\/soundcloud.com\/macrocellrecords\" target=\"_blank\" rel=\"noopener\">Macrocell Records<\/a> label alatt \u00fcgyes n\u00e9met, cseh, holland, brit, orosz \u00e9s term\u00e9szetesen magyar felt\u00f6rekv\u0151knek ad lehet\u0151s\u00e9get a hallgatnival\u00f3k terjeszt\u00e9s\u00e9re. Vend\u00e9g\u00fcnk elmond\u00e1sa szerint a m\u0171faj form\u00e1l\u00f3d\u00e1s\u00e1hoz nagyon sokat tesz hozz\u00e1 az internet, seg\u00edts\u00e9g\u00e9vel ugyanis felsz\u00ednre ker\u00fclhetnek kezd\u0151 \u00e9s alig ismert el\u0151ad\u00f3k is. Ezt a folyamatot Vrama egy\u00e9bk\u00e9nt saj\u00e1t maga is igyekszik seg\u00edteni: pr\u00f3b\u00e1lja felkutatni azokat az el\u0151ad\u00f3kat, akik b\u00e1r a m\u0171fajban tev\u00e9kenykednek, a k\u00f6z\u00f6ss\u00e9g m\u00e9g nem tal\u00e1lt r\u00e1juk.\u00a0<\/p>\n\n\n\n<p>Vrama egy\u00e9bk\u00e9nt &#8211; szint\u00e9n saj\u00e1t bevall\u00e1sa szerint &#8211; nincs egyed\u00fcl ezzel a misszi\u00f3val. Pozit\u00edv p\u00e9ldak\u00e9nt hozta a hazai <a href=\"https:\/\/frozenplates.bigcartel.com\/\" target=\"_blank\" rel=\"noopener\">Frozen Plates<\/a> kiad\u00f3t, akik a \u201ccsak vinyl\u201d m\u00f3dszer szerint m\u0171k\u00f6dnek. Eszerint a felkutatott sz\u00e1mokat p\u00e1r p\u00e9ld\u00e1nyban korongokra nyomj\u00e1k, sz\u00e9tsz\u00f3rj\u00e1k a vil\u00e1gban, azt\u00e1n vad\u00e1szhat r\u00e1juk, akinek ideje van.<\/p>\n\n\n\n<h2 class=\"wp-block-heading\"><strong>Ha hallgatn\u00e1l m\u00e9g ilyet\u2026<\/strong><\/h2>\n\n\n\n<p>\u2026akkor mindenk\u00e9pp k\u00f6vesd be Vram\u00e1t mindenhol is, de az <a href=\"https:\/\/www.instagram.com\/vrama9.5\/\" target=\"_blank\" rel=\"noopener\">Instagramon<\/a> felt\u00e9tlen\u00fcl.\u00a0<\/p>\n\n\n\n<blockquote class=\"wp-block-quote is-layout-flow wp-block-quote-is-layout-flow\">\n<p>Csak mell\u00e9kesen teszem hozz\u00e1, hogy a \u201cVrama\u201d n\u00e9v eredete egy\u00e9bk\u00e9nt kider\u00fclt, hogy \u00e9rdekes, egy buli el\u0151tt sz\u00fcletett nagyj\u00e1b\u00f3l 20 perc alatt. N\u00e9mi h\u00e1tr\u00e1nya, hogy Instagramon egy ilyen n\u00e9v V. R\u00e1ma thaif\u00f6ldi kir\u00e1ly ut\u00e1n rengeteg \u00e9rdekes jel\u00f6l\u00e9st hoz, de egy\u00fctt lehet vele \u00e9lni.<\/p>\n<\/blockquote>\n\n\n\n<p>K\u00f6vet\u00e9sre aj\u00e1nljuk m\u00e9g a Macrocell Records oldalait. Vrama elmond\u00e1sa szerint a <a href=\"https:\/\/soundcloud.com\/macrocellrecords\" target=\"_blank\" rel=\"noopener\">Soundcloud<\/a> oldalukat \u00e9rdemes figyelgetni, de jelen vannak <a href=\"https:\/\/macrocellrecords.bandcamp.com\/\" target=\"_blank\" rel=\"noopener\">Bandcampen<\/a> \u00e9s a <a href=\"https:\/\/www.facebook.com\/macrocellrecords\/\" target=\"_blank\" rel=\"noopener\">Facebookon <\/a>is.&nbsp;&nbsp;&nbsp;<\/p>\n\n\n\n<p><strong>Ha lemaradt\u00e1l a cs\u00fct\u00f6rt\u00f6k esti ad\u00e1sr\u00f3l (\u00e9s igaz\u00e1b\u00f3l akkor is ha nem) &#8211; aj\u00e1nljuk visszahallgat\u00e1sra a Bug Presents leg\u00fajabb ad\u00e1s\u00e1t az al\u00e1bbi lej\u00e1tsz\u00f3n, vagy a R\u00e1di\u00f3 X arch\u00edvum\u00e1n kereszt\u00fcl!<\/strong><\/p>\n\n\n\n<iframe scrolling=\"no\" id=\"hearthis_at_track_10983759\" width=\"100%\" height=\"150\" src=\"https:\/\/app.hearthis.at\/embed\/10983759\/transparent_black\/?hcolor=&#038;color=&#038;style=2&#038;block_size=2&#038;block_space=1&#038;background=1&#038;waveform=0&#038;cover=0&#038;autoplay=0&#038;css=\" frameborder=\"0\" allowtransparency allow=\"autoplay\"><p>Listen to <a href=\"https:\/\/hearthis.at\/radiox\/radiox20240315-0000\/\" target=\"_blank\" rel=\"noopener\">BUG PRESENTS &#8211; VRAMA &#8211; 2024.03.15<\/a> <span>by<\/span><a href=\"https:\/\/hearthis.at\/radiox\/\" target=\"_blank\" rel=\"noopener\">R\u00e1di\u00f3 X | X Arch\u00edvum | radiox.hu<\/a> <span>on<\/span> <a href=\"https:\/\/hearthis.at\/\" target=\"_blank\" rel=\"noopener\">hearthis.at<\/a><\/p><\/iframe>","protected":false},"excerpt":{"rendered":"<p>\u00dajabb zenei szubkult\u00fara szabadult ki az \u00e9terbe cs\u00fct\u00f6rt\u00f6k este. Ez\u00fattal egy zseni deep dubstep \u00e9s hip-hop leck\u00e9t hozott nek\u00fcnk Vrama, aki saj\u00e1t kiad\u00f3val is seg\u00edti hazai k\u00f6z\u00f6ss\u00e9get. R\u00e9gen volt ilyen m\u00e9ly zenei \u00e9lm\u00e9ny\u00fcnk az X-en, sz\u00f3val ha lemaradt\u00e1l, itt az ideje p\u00f3tolni!\u00a0 A cs\u00fct\u00f6rt\u00f6k esti Bug Presents vend\u00e9ge ezen a h\u00e9ten Vrama volt, akit saj\u00e1tos [&hellip;]<\/p>","protected":false},"author":1,"featured_media":2214,"comment_status":"open","ping_status":"open","sticky":false,"template":"","format":"standard","meta":{"_eb_attr":"","rank_math_lock_modified_date":false,"footnotes":""},"categories":[1],"tags":[],"class_list":["post-2212","post","type-post","status-publish","format-standard","has-post-thumbnail","hentry","category-friss"],"_links":{"self":[{"href":"https:\/\/radiox.hu\/en\/wp-json\/wp\/v2\/posts\/2212"}],"collection":[{"href":"https:\/\/radiox.hu\/en\/wp-json\/wp\/v2\/posts"}],"about":[{"href":"https:\/\/radiox.hu\/en\/wp-json\/wp\/v2\/types\/post"}],"author":[{"embeddable":true,"href":"https:\/\/radiox.hu\/en\/wp-json\/wp\/v2\/users\/1"}],"replies":[{"embeddable":true,"href":"https:\/\/radiox.hu\/en\/wp-json\/wp\/v2\/comments?post=2212"}],"version-history":[{"count":1,"href":"https:\/\/radiox.hu\/en\/wp-json\/wp\/v2\/posts\/2212\/revisions"}],"predecessor-version":[{"id":2215,"href":"https:\/\/radiox.hu\/en\/wp-json\/wp\/v2\/posts\/2212\/revisions\/2215"}],"wp:featuredmedia":[{"embeddable":true,"href":"https:\/\/radiox.hu\/en\/wp-json\/wp\/v2\/media\/2214"}],"wp:attachment":[{"href":"https:\/\/radiox.hu\/en\/wp-json\/wp\/v2\/media?parent=2212"}],"wp:term":[{"taxonomy":"category","embeddable":true,"href":"https:\/\/radiox.hu\/en\/wp-json\/wp\/v2\/categories?post=2212"},{"taxonomy":"post_tag","embeddable":true,"href":"https:\/\/radiox.hu\/en\/wp-json\/wp\/v2\/tags?post=2212"}],"curies":[{"name":"wp","href":"https:\/\/api.w.org\/{rel}","templated":true}]}}