{"id":2157,"date":"2024-03-07T17:33:34","date_gmt":"2024-03-07T16:33:34","guid":{"rendered":"https:\/\/radiox.hu\/?p=2157"},"modified":"2024-03-07T17:35:13","modified_gmt":"2024-03-07T16:35:13","slug":"nelkuled-nincs-radio-x","status":"publish","type":"post","link":"https:\/\/radiox.hu\/en\/2024\/03\/07\/nelkuled-nincs-radio-x\/","title":{"rendered":"N\u00e9lk\u00fcled nincs R\u00e1di\u00f3 X!"},"content":{"rendered":"<p><strong>Tavaly rekordsokan t\u00e1mogatt\u00e1tok a R\u00e1di\u00f3 X m\u0171k\u00f6d\u00e9s\u00e9t ad\u00f3tok 1%-\u00e1val. Igaz, az volt az els\u0151 ilyen kamp\u00e1nyunk, de ett\u0151l f\u00fcggetlen\u00fcl is hatalmas h\u00e1la j\u00e1r nektek. Dupl\u00e1n boldogok lesz\u00fcnk ha \u00edgy tesztek id\u00e9n is, hiszen most \u00fajra itt a lehet\u0151s\u00e9g, hogy \u00fagy seg\u00edts\u00e9tek a r\u00e1di\u00f3tokat, hogy az nektek nem ker\u00fcl semmibe. \u00c1lljatok mell\u00e9nk, mert n\u00e9lk\u00fcletek nincs R\u00e1di\u00f3 X!&nbsp;<\/strong><\/p>\n\n\n\n<figure class=\"wp-block-image size-full\"><img fetchpriority=\"high\" decoding=\"async\" width=\"2048\" height=\"1536\" src=\"https:\/\/radiox.hu\/wp-content\/uploads\/2024\/03\/1704388321120-1.jpeg\" alt=\"\" class=\"wp-image-2159\" srcset=\"https:\/\/radiox.hu\/wp-content\/uploads\/2024\/03\/1704388321120-1.jpeg 2048w, https:\/\/radiox.hu\/wp-content\/uploads\/2024\/03\/1704388321120-1-300x225.jpeg 300w, https:\/\/radiox.hu\/wp-content\/uploads\/2024\/03\/1704388321120-1-1024x768.jpeg 1024w, https:\/\/radiox.hu\/wp-content\/uploads\/2024\/03\/1704388321120-1-150x113.jpeg 150w, https:\/\/radiox.hu\/wp-content\/uploads\/2024\/03\/1704388321120-1-768x576.jpeg 768w, https:\/\/radiox.hu\/wp-content\/uploads\/2024\/03\/1704388321120-1-1536x1152.jpeg 1536w, https:\/\/radiox.hu\/wp-content\/uploads\/2024\/03\/1704388321120-1-16x12.jpeg 16w, https:\/\/radiox.hu\/wp-content\/uploads\/2024\/03\/1704388321120-1-2000x1500.jpeg 2000w, https:\/\/radiox.hu\/wp-content\/uploads\/2024\/03\/1704388321120-1-280x210.jpeg 280w, https:\/\/radiox.hu\/wp-content\/uploads\/2024\/03\/1704388321120-1-1000x750.jpeg 1000w\" sizes=\"(max-width: 2048px) 100vw, 2048px\" \/><\/figure>\n\n\n\n<p><\/p>\n\n\n\n<p>\u00dajra megsz\u00f3ltaltak az 1% prom\u00f3k az \u00e9terben. Ez azt jelenti, hogy ism\u00e9t itt az alkalom, hogy \u00fagy seg\u00edtsd a r\u00e1di\u00f3d, hogy az neked nem ker\u00fcl semmibe. Ez a cikk az\u00e9rt sz\u00fcletik, hogy r\u00f6viden megpr\u00f3b\u00e1ljuk \u00f6sszefoglalni a felaj\u00e1nl\u00e1ssal \u00e9s tev\u00e9kenys\u00e9g\u00fcnkkel kapcsolatos legfontosabb inf\u00f3kat.&nbsp;<\/p>\n\n\n\n<p>Nyilv\u00e1n felmer\u00fcl benned, hogy mi\u00e9rt \u00e9pp egy r\u00e1di\u00f3nak seg\u00edts, amikor annyi nemes civil \u00fcgy van. Jogos a k\u00e9rd\u00e9s, sz\u00f3val rem\u00e9lj\u00fck, hogy a cikk v\u00e9g\u00e9ig meggy\u0151z\u00fcnk!&nbsp;<\/p>\n\n\n\n<p><\/p>\n\n\n\n<h2 class=\"wp-block-heading\"><strong>Engem m\u00e1r meggy\u0151ztetek, hol kell al\u00e1\u00edrni?<\/strong><\/h2>\n\n\n\n<p>Sz\u00e1mos m\u00f3don igyeksz\u00fcnk seg\u00edteni nektek a felaj\u00e1nl\u00e1sban. Szab\u00f3 Norbi p\u00e9ld\u00e1ul felvett egy vide\u00f3t, amiben l\u00e9p\u00e9sr\u0151l- l\u00e9p\u00e9sre elmagyar\u00e1zza, hogy hogyan tudod megtenni a nyilatkozatod az <a href=\"https:\/\/eszja.nav.gov.hu\/app\/login\/#login\" target=\"_blank\" rel=\"noopener\">\u00fcgyf\u00e9lkapudon kereszt\u00fcl<\/a>, alig p\u00e1r perc alatt.&nbsp;<\/p>\n\n\n\n<iframe width=\"560\" height=\"315\" src=\"https:\/\/www.youtube.com\/embed\/wBKAXjck88c?si=c4PoIdML1oHUFssG\" title=\"YouTube video player\" frameborder=\"0\" allow=\"accelerometer; autoplay; clipboard-write; encrypted-media; gyroscope; picture-in-picture; web-share\" allowfullscreen><\/iframe>\n\n\n\n<p>Ha tov\u00e1bbi seg\u00edts\u00e9gre van sz\u00fcks\u00e9ged, csin\u00e1ltunk neked egy microsite-ot! Az al\u00e1bbi c\u00edmen megtal\u00e1lsz mindent, ami fontos lehet:&nbsp;<\/p>\n\n\n\n<blockquote class=\"wp-block-quote has-medium-font-size is-layout-flow wp-block-quote-is-layout-flow\">\n<p><a href=\"https:\/\/1szazalek.radiox.hu\">https:\/\/1szazalek.radiox.hu<\/a><\/p>\n\n\n\n<p><\/p>\n<\/blockquote>\n\n\n\n<h2 class=\"wp-block-heading\"><strong>Engem nem gy\u0151ztetek meg, mi\u00e9rt nektek adjak p\u00e9nzt?<\/strong><\/h2>\n\n\n\n<p>Teljesen rendben van, ha m\u00e9g nem vagy biztos a d\u00f6nt\u00e9sedben. A k\u00e9rd\u00e9sedre r\u00f6viden annyi a v\u00e1laszunk, hogy b\u00e1r k\u00f6zel 100 \u00f6nk\u00e9ntes k\u00e9sz\u00edti a m\u0171sorokat, a m\u0171k\u00f6d\u00e9s\u00fcnkh\u00f6z sz\u00fcks\u00e9g\u00fcnk van forr\u00e1sokra. A R\u00e1di\u00f3 X m\u0171k\u00f6dtet\u00e9se \u00e9vente t\u00f6bb milli\u00f3 forintba ker\u00fcl, te viszont ingyen hallgathatod, s\u0151t, r\u00e9szt is vehetsz benne! Folyamatosan az\u00e9rt dolgozunk, hogy az \u00faj gener\u00e1ci\u00f3 v\u00e9gre kapjon egy hangot, ami r\u00f3lunk \u00e9s nek\u00fcnk sz\u00f3l. Az elm\u00falt \u00e9vekben sz\u00e1mos <a href=\"https:\/\/radiox.hu\/en\/2023\/06\/01\/egesz-nap-eloben-jelentkezunk-az-obudai-egyetem-keleti-napjairol\/\">egyetemi programon vett\u00fcnk r\u00e9szt<\/a>, nemzetk\u00f6zi szinten is <a href=\"https:\/\/radiox.hu\/en\/2023\/11\/14\/cmfe\/\">jelen vagyunk a k\u00f6z\u00f6ss\u00e9gi r\u00e1di\u00f3s \u00e9letben<\/a> \u00e9s folyamatosan igyeksz\u00fcnk teret adni a felt\u00f6rekv\u0151, underground <a href=\"https:\/\/radiox.hu\/en\/2024\/02\/24\/garazsmenet\/\">zenei mozgalmaknak<\/a> \u00e9s <a href=\"https:\/\/radiox.hu\/en\/2024\/01\/24\/bug-presents-megerkezett-a-toldyuuso-film\/\">csapatoknak<\/a>. Az elm\u00falt egy \u00e9vben \u00faj kreat\u00edv tereket nyitottunk ki: <a href=\"https:\/\/radiox.hu\/en\/2024\/01\/18\/filmes-musor-a-radioban\/\">Jank\u00e1val \u00e9s Z\u00e9vel filmes m\u0171sort ind\u00edtottunk<\/a>, mikrofont adtunk \u00e9s adunk az <a href=\"https:\/\/radiox.hu\/en\/2024\/02\/08\/tortutemes-nepneveles-megerkezett-a-ruff-on-the-beat\/\">underground \u00e9r\u00e1ban tev\u00e9kenyked\u0151 producereknek<\/a> \u00e9s m\u00e9g az <a href=\"https:\/\/radiox.hu\/en\/2024\/02\/01\/chilleld-at-velunk-az-ejszakat-elindult-a-justrelax\/\">\u00e9jszakai s\u00e1vunk<\/a> fejleszt\u00e9s\u00e9re is jutott id\u0151nk: kinyitottunk j\u00f3p\u00e1r zenei \u00f3r\u00e1t a soul, a vil\u00e1gzene, a jazz \u00e9s a lo-fi m\u0171fajoknak is.&nbsp;&nbsp;<\/p>\n\n\n\n<p>\u00c9s persze: az \u00faj weboldal is elindult, amit \u00e9pp most olvasol. Itt folyamatosan \u00e9rtes\u00fclhetsz az aktu\u00e1lis m\u0171sorainkr\u00f3l, \u00e9s persze <a href=\"https:\/\/radiox.hu\/en\/posztok\/\">tev\u00e9kenys\u00e9g\u00fcnket is k\u00f6vetheted<\/a>.&nbsp;<\/p>\n\n\n\n<h2 class=\"wp-block-heading\"><strong>Szeretn\u00e9k seg\u00edteni, de hogyan?<\/strong><\/h2>\n\n\n\n<p>El\u0151sz\u00f6r is nagyon k\u00f6sz\u00f6nj\u00fck. A legnagyobb seg\u00edts\u00e9g, ha viszed a r\u00e1di\u00f3d h\u00edr\u00e9t: sz\u00f3lj a bar\u00e1taidnak is err\u0151l a szuper k\u00f6z\u00f6ss\u00e9gr\u0151l, \u00e9s aj\u00e1nld fel nekik a seg\u00edts\u00e9ged ad\u00f3juk 1%-\u00e1nak felaj\u00e1nl\u00e1sa sor\u00e1n. Nek\u00fcnk nincsenek nagy p\u00e9nzeink hirdet\u00e9sekre \u00e9s \u00f3ri\u00e1splak\u00e1tokra: a mi nagy er\u0151ss\u00e9g\u00fcnk a k\u00f6z\u00f6ss\u00e9g\u00fcnk, amiben nagyon k\u00f6szi, hogy te is r\u00e9szt veszel!<\/p>\n\n\n\n<p><strong>Ad\u00f3tok 1%-\u00e1r\u00f3l legk\u00e9s\u0151bb 2024. m\u00e1jus 21-\u00e9ig tudtok rendelkezni. Rem\u00e9lj\u00fck, hogy gondoltok r\u00e1nk! Ha itt a cikk v\u00e9g\u00e9n is vannak k\u00e9rd\u00e9seid, vagy esetleg tov\u00e1bbi seg\u00edts\u00e9gre lenne sz\u00fcks\u00e9ged, <\/strong><a href=\"https:\/\/radiox.hu\/en\/elerhetoseg\/\"><strong>k\u00fcldj nek\u00fcnk \u00fczenetet itt<\/strong><\/a><strong>, vagy a <a href=\"https:\/\/www.facebook.com\/radioxhu\" target=\"_blank\" rel=\"noopener\">Facebook<\/a> \/ <a href=\"https:\/\/instagram.com\/radioxhu\" target=\"_blank\" rel=\"noopener\">Instagram<\/a> oldalunkon kereszt\u00fcl!<\/strong><\/p>","protected":false},"excerpt":{"rendered":"<p>Tavaly rekordsokan t\u00e1mogatt\u00e1tok a R\u00e1di\u00f3 X m\u0171k\u00f6d\u00e9s\u00e9t ad\u00f3tok 1%-\u00e1val. Igaz, az volt az els\u0151 ilyen kamp\u00e1nyunk, de ett\u0151l f\u00fcggetlen\u00fcl is hatalmas h\u00e1la j\u00e1r nektek. Dupl\u00e1n boldogok lesz\u00fcnk ha \u00edgy tesztek id\u00e9n is, hiszen most \u00fajra itt a lehet\u0151s\u00e9g, hogy \u00fagy seg\u00edts\u00e9tek a r\u00e1di\u00f3tokat, hogy az nektek nem ker\u00fcl semmibe. \u00c1lljatok mell\u00e9nk, mert n\u00e9lk\u00fcletek nincs R\u00e1di\u00f3 [&hellip;]<\/p>","protected":false},"author":1,"featured_media":2158,"comment_status":"open","ping_status":"open","sticky":false,"template":"","format":"standard","meta":{"_eb_attr":"","rank_math_lock_modified_date":false,"footnotes":""},"categories":[1],"tags":[],"class_list":["post-2157","post","type-post","status-publish","format-standard","has-post-thumbnail","hentry","category-friss"],"_links":{"self":[{"href":"https:\/\/radiox.hu\/en\/wp-json\/wp\/v2\/posts\/2157"}],"collection":[{"href":"https:\/\/radiox.hu\/en\/wp-json\/wp\/v2\/posts"}],"about":[{"href":"https:\/\/radiox.hu\/en\/wp-json\/wp\/v2\/types\/post"}],"author":[{"embeddable":true,"href":"https:\/\/radiox.hu\/en\/wp-json\/wp\/v2\/users\/1"}],"replies":[{"embeddable":true,"href":"https:\/\/radiox.hu\/en\/wp-json\/wp\/v2\/comments?post=2157"}],"version-history":[{"count":3,"href":"https:\/\/radiox.hu\/en\/wp-json\/wp\/v2\/posts\/2157\/revisions"}],"predecessor-version":[{"id":2162,"href":"https:\/\/radiox.hu\/en\/wp-json\/wp\/v2\/posts\/2157\/revisions\/2162"}],"wp:featuredmedia":[{"embeddable":true,"href":"https:\/\/radiox.hu\/en\/wp-json\/wp\/v2\/media\/2158"}],"wp:attachment":[{"href":"https:\/\/radiox.hu\/en\/wp-json\/wp\/v2\/media?parent=2157"}],"wp:term":[{"taxonomy":"category","embeddable":true,"href":"https:\/\/radiox.hu\/en\/wp-json\/wp\/v2\/categories?post=2157"},{"taxonomy":"post_tag","embeddable":true,"href":"https:\/\/radiox.hu\/en\/wp-json\/wp\/v2\/tags?post=2157"}],"curies":[{"name":"wp","href":"https:\/\/api.w.org\/{rel}","templated":true}]}}